{"id":9097,"date":"2016-01-18T12:00:18","date_gmt":"2016-01-18T11:00:18","guid":{"rendered":"http:\/\/elektrozine.be\/fr\/klipsch-presente-le-premier-set-de-haut-parleurs-actifs\/"},"modified":"2016-01-18T12:00:18","modified_gmt":"2016-01-18T11:00:18","slug":"klipsch-presente-le-premier-set-de-haut-parleurs-actifs","status":"publish","type":"post","link":"https:\/\/elektrozine.be\/fr\/klipsch-presente-le-premier-set-de-haut-parleurs-actifs\/","title":{"rendered":"Klipsch\u00a0pr\u00e9sente le premier set de haut-parleurs actifs"},"content":{"rendered":"<p>Le fabricant audio Klipsch a pr\u00e9sent\u00e9 ses tout premiers haut-parleurs actifs. Le Reference Premier R-15PM est un set st\u00e9r\u00e9o que vous pouvez utiliser aussi bien en tant que haut-parleurs de bureau que dans un syst\u00e8me home theater. <\/p>\n<p><img loading=\"lazy\" decoding=\"async\" class=\"aligncenter size-large wp-image-7165 ml-lightbox-enabled\" src=\"http:\/\/elektrozine.be\/wp-content\/uploads\/2016\/01\/klipsch-r15pm-2-1024x768.jpg\" alt=\"klipsch-r15pm-2\" width=\"1024\" height=\"768\" srcset=\"https:\/\/elektrozine.be\/wp-content\/uploads\/2016\/01\/klipsch-r15pm-2-1024x768.jpg 1024w, https:\/\/elektrozine.be\/wp-content\/uploads\/2016\/01\/klipsch-r15pm-2-150x113.jpg 150w, https:\/\/elektrozine.be\/wp-content\/uploads\/2016\/01\/klipsch-r15pm-2-300x225.jpg 300w, https:\/\/elektrozine.be\/wp-content\/uploads\/2016\/01\/klipsch-r15pm-2-80x60.jpg 80w, https:\/\/elektrozine.be\/wp-content\/uploads\/2016\/01\/klipsch-r15pm-2-265x198.jpg 265w, https:\/\/elektrozine.be\/wp-content\/uploads\/2016\/01\/klipsch-r15pm-2-696x522.jpg 696w, https:\/\/elektrozine.be\/wp-content\/uploads\/2016\/01\/klipsch-r15pm-2-1068x801.jpg 1068w, https:\/\/elektrozine.be\/wp-content\/uploads\/2016\/01\/klipsch-r15pm-2-560x420.jpg 560w, https:\/\/elektrozine.be\/wp-content\/uploads\/2016\/01\/klipsch-r15pm-2.jpg 1600w\" sizes=\"auto, (max-width: 1024px) 100vw, 1024px\" \/> <\/p>\n<p>Le R-15PM\u00a0est un set actif et dispose donc d&#8217;un amplificateur int\u00e9gr\u00e9. Les appareils sont \u00e9quip\u00e9s de plusieurs options de connectivit\u00e9 : vous pouvez lire vos fichiers audio via Bluetooth, par voie\u00a0optique digitale, RCA analogique, ou encore USB. Vous pouvez aussi y raccorder une platine de DJ. <\/p>\n<p><img loading=\"lazy\" decoding=\"async\" class=\"aligncenter size-large wp-image-7167 ml-lightbox-enabled\" src=\"http:\/\/elektrozine.be\/wp-content\/uploads\/2016\/01\/klipsch-r15pm-3-1024x768.jpg\" alt=\"klipsch-r15pm-3\" width=\"1024\" height=\"768\" srcset=\"https:\/\/elektrozine.be\/wp-content\/uploads\/2016\/01\/klipsch-r15pm-3-1024x768.jpg 1024w, https:\/\/elektrozine.be\/wp-content\/uploads\/2016\/01\/klipsch-r15pm-3-150x113.jpg 150w, https:\/\/elektrozine.be\/wp-content\/uploads\/2016\/01\/klipsch-r15pm-3-300x225.jpg 300w, https:\/\/elektrozine.be\/wp-content\/uploads\/2016\/01\/klipsch-r15pm-3-80x60.jpg 80w, https:\/\/elektrozine.be\/wp-content\/uploads\/2016\/01\/klipsch-r15pm-3-265x198.jpg 265w, https:\/\/elektrozine.be\/wp-content\/uploads\/2016\/01\/klipsch-r15pm-3-696x522.jpg 696w, https:\/\/elektrozine.be\/wp-content\/uploads\/2016\/01\/klipsch-r15pm-3-1068x801.jpg 1068w, https:\/\/elektrozine.be\/wp-content\/uploads\/2016\/01\/klipsch-r15pm-3-560x420.jpg 560w, https:\/\/elektrozine.be\/wp-content\/uploads\/2016\/01\/klipsch-r15pm-3.jpg 1600w\" sizes=\"auto, (max-width: 1024px) 100vw, 1024px\" \/> <\/p>\n<p>Citons notamment parmi les autres sp\u00e9cifications un woofer 5,25 pouces et une puissance de 50 Watts par canal.<\/p>\n<p>Le set R-15PM est disponible aux Etats-Unis au prix de 499 dollars. Aucune date de lancement ni aucun prix\u00a0n&#8217;ont encore \u00e9t\u00e9 annonc\u00e9s pour l&#8217;Europe.<\/p>\n","protected":false},"excerpt":{"rendered":"<p>Le fabricant audio Klipsch a pr\u00e9sent\u00e9 ses tout premiers haut-parleurs actifs. Le Reference Premier R-15PM est un set st\u00e9r\u00e9o que vous pouvez utiliser aussi bien en tant que haut-parleurs de bureau que dans un syst\u00e8me home theater. Le R-15PM\u00a0est un set actif et dispose donc d&#8217;un amplificateur int\u00e9gr\u00e9. Les appareils sont \u00e9quip\u00e9s de plusieurs options [&hellip;]<\/p>\n","protected":false},"author":4,"featured_media":0,"comment_status":"open","ping_status":"open","sticky":false,"template":"","format":"standard","meta":{"tdm_status":"","tdm_grid_status":"","footnotes":""},"categories":[1111],"tags":[1467],"class_list":{"0":"post-9097","1":"post","2":"type-post","3":"status-publish","4":"format-standard","6":"category-haut-parleur","7":"tag-kipsch-fr-2"},"yoast_head":"<!-- This site is optimized with the Yoast SEO plugin v26.2 - https:\/\/yoast.com\/wordpress\/plugins\/seo\/ -->\n<title>Klipsch\u00a0pr\u00e9sente le premier set de haut-parleurs actifs<\/title>\n<meta name=\"robots\" content=\"index, follow, max-snippet:-1, max-image-preview:large, max-video-preview:-1\" \/>\n<link rel=\"canonical\" href=\"https:\/\/elektrozine.be\/fr\/klipsch-presente-le-premier-set-de-haut-parleurs-actifs\/\" \/>\n<meta property=\"og:locale\" content=\"fr_FR\" \/>\n<meta property=\"og:type\" content=\"article\" \/>\n<meta property=\"og:title\" content=\"Klipsch\u00a0pr\u00e9sente le premier set de haut-parleurs actifs\" \/>\n<meta property=\"og:description\" content=\"Le fabricant audio Klipsch a pr\u00e9sent\u00e9 ses tout premiers haut-parleurs actifs. Le Reference Premier R-15PM est un set st\u00e9r\u00e9o que vous pouvez utiliser aussi bien en tant que haut-parleurs de bureau que dans un syst\u00e8me home theater. Le R-15PM\u00a0est un set actif et dispose donc d&#8217;un amplificateur int\u00e9gr\u00e9. Les appareils sont \u00e9quip\u00e9s de plusieurs options [&hellip;]\" \/>\n<meta property=\"og:url\" content=\"https:\/\/elektrozine.be\/fr\/klipsch-presente-le-premier-set-de-haut-parleurs-actifs\/\" \/>\n<meta property=\"og:site_name\" content=\"elektrozine.be\" \/>\n<meta property=\"article:publisher\" content=\"https:\/\/www.facebook.com\/elektrozine\/\" \/>\n<meta property=\"article:author\" content=\"https:\/\/www.facebook.com\/elektrozine\/?fref=ts\" \/>\n<meta property=\"article:published_time\" content=\"2016-01-18T11:00:18+00:00\" \/>\n<meta property=\"og:image\" content=\"http:\/\/elektrozine.be\/wp-content\/uploads\/2016\/01\/klipsch-r15pm-2-1024x768.jpg\" \/>\n<meta name=\"author\" content=\"Jens Desmet\" \/>\n<meta name=\"twitter:card\" content=\"summary_large_image\" \/>\n<meta name=\"twitter:creator\" content=\"@elektrozine\" \/>\n<meta name=\"twitter:site\" content=\"@elektrozine\" \/>\n<meta name=\"twitter:label1\" content=\"Written by\" \/>\n\t<meta name=\"twitter:data1\" content=\"Jens Desmet\" \/>\n\t<meta name=\"twitter:label2\" content=\"Est. reading time\" \/>\n\t<meta name=\"twitter:data2\" content=\"1 minute\" \/>\n<script type=\"application\/ld+json\" class=\"yoast-schema-graph\">{\"@context\":\"https:\/\/schema.org\",\"@graph\":[{\"@type\":\"WebPage\",\"@id\":\"https:\/\/elektrozine.be\/fr\/klipsch-presente-le-premier-set-de-haut-parleurs-actifs\/\",\"url\":\"https:\/\/elektrozine.be\/fr\/klipsch-presente-le-premier-set-de-haut-parleurs-actifs\/\",\"name\":\"Klipsch\u00a0pr\u00e9sente le premier set de haut-parleurs actifs\",\"isPartOf\":{\"@id\":\"https:\/\/elektrozine.be\/#website\"},\"primaryImageOfPage\":{\"@id\":\"https:\/\/elektrozine.be\/fr\/klipsch-presente-le-premier-set-de-haut-parleurs-actifs\/#primaryimage\"},\"image\":{\"@id\":\"https:\/\/elektrozine.be\/fr\/klipsch-presente-le-premier-set-de-haut-parleurs-actifs\/#primaryimage\"},\"thumbnailUrl\":\"http:\/\/elektrozine.be\/wp-content\/uploads\/2016\/01\/klipsch-r15pm-2-1024x768.jpg\",\"datePublished\":\"2016-01-18T11:00:18+00:00\",\"author\":{\"@id\":\"https:\/\/elektrozine.be\/#\/schema\/person\/78f5e79bbc3faa7a295d9ee686c1b561\"},\"breadcrumb\":{\"@id\":\"https:\/\/elektrozine.be\/fr\/klipsch-presente-le-premier-set-de-haut-parleurs-actifs\/#breadcrumb\"},\"inLanguage\":\"fr-fr\",\"potentialAction\":[{\"@type\":\"ReadAction\",\"target\":[\"https:\/\/elektrozine.be\/fr\/klipsch-presente-le-premier-set-de-haut-parleurs-actifs\/\"]}]},{\"@type\":\"ImageObject\",\"inLanguage\":\"fr-fr\",\"@id\":\"https:\/\/elektrozine.be\/fr\/klipsch-presente-le-premier-set-de-haut-parleurs-actifs\/#primaryimage\",\"url\":\"http:\/\/elektrozine.be\/wp-content\/uploads\/2016\/01\/klipsch-r15pm-2-1024x768.jpg\",\"contentUrl\":\"http:\/\/elektrozine.be\/wp-content\/uploads\/2016\/01\/klipsch-r15pm-2-1024x768.jpg\"},{\"@type\":\"BreadcrumbList\",\"@id\":\"https:\/\/elektrozine.be\/fr\/klipsch-presente-le-premier-set-de-haut-parleurs-actifs\/#breadcrumb\",\"itemListElement\":[{\"@type\":\"ListItem\",\"position\":1,\"name\":\"Home\",\"item\":\"https:\/\/elektrozine.be\/fr\/\"},{\"@type\":\"ListItem\",\"position\":2,\"name\":\"Klipsch\u00a0pr\u00e9sente le premier set de haut-parleurs actifs\"}]},{\"@type\":\"WebSite\",\"@id\":\"https:\/\/elektrozine.be\/#website\",\"url\":\"https:\/\/elektrozine.be\/\",\"name\":\"elektrozine.be\",\"description\":\"All the stuff you need\",\"potentialAction\":[{\"@type\":\"SearchAction\",\"target\":{\"@type\":\"EntryPoint\",\"urlTemplate\":\"https:\/\/elektrozine.be\/?s={search_term_string}\"},\"query-input\":{\"@type\":\"PropertyValueSpecification\",\"valueRequired\":true,\"valueName\":\"search_term_string\"}}],\"inLanguage\":\"fr-fr\"},{\"@type\":\"Person\",\"@id\":\"https:\/\/elektrozine.be\/#\/schema\/person\/78f5e79bbc3faa7a295d9ee686c1b561\",\"name\":\"Jens Desmet\",\"image\":{\"@type\":\"ImageObject\",\"inLanguage\":\"fr-fr\",\"@id\":\"https:\/\/elektrozine.be\/#\/schema\/person\/image\/\",\"url\":\"https:\/\/secure.gravatar.com\/avatar\/84d7ab050be22b08f58cf8c560755aaf173857c97469ac3dfac594473b5aa4bd?s=96&d=mm&r=g\",\"contentUrl\":\"https:\/\/secure.gravatar.com\/avatar\/84d7ab050be22b08f58cf8c560755aaf173857c97469ac3dfac594473b5aa4bd?s=96&d=mm&r=g\",\"caption\":\"Jens Desmet\"},\"description\":\"Met eigenschappen als \u2018super speed\u2018 en \u2018teleportation\u2019 bepaalt Jens als een volleerde superheld sinds september 2011 de redactionele lijnen bij Elektrozine.be. Z\u2019n kryptoniet (of guilty pleasures)? Z\u2019n smartphone en een lekkere pizza op tijd en stond. Opgeven kent Jens niet. Zo slaagde hij er ooit in liefst 7 keer na elkaar (!) naar Street Fighter te kijken\u2026\",\"sameAs\":[\"https:\/\/www.facebook.com\/elektrozine\/?fref=ts\",\"https:\/\/x.com\/@elektrozine\"],\"url\":\"https:\/\/elektrozine.be\/fr\/author\/jens\/\"}]}<\/script>\n<!-- \/ Yoast SEO plugin. -->","yoast_head_json":{"title":"Klipsch\u00a0pr\u00e9sente le premier set de haut-parleurs actifs","robots":{"index":"index","follow":"follow","max-snippet":"max-snippet:-1","max-image-preview":"max-image-preview:large","max-video-preview":"max-video-preview:-1"},"canonical":"https:\/\/elektrozine.be\/fr\/klipsch-presente-le-premier-set-de-haut-parleurs-actifs\/","og_locale":"fr_FR","og_type":"article","og_title":"Klipsch\u00a0pr\u00e9sente le premier set de haut-parleurs actifs","og_description":"Le fabricant audio Klipsch a pr\u00e9sent\u00e9 ses tout premiers haut-parleurs actifs. Le Reference Premier R-15PM est un set st\u00e9r\u00e9o que vous pouvez utiliser aussi bien en tant que haut-parleurs de bureau que dans un syst\u00e8me home theater. Le R-15PM\u00a0est un set actif et dispose donc d&#8217;un amplificateur int\u00e9gr\u00e9. Les appareils sont \u00e9quip\u00e9s de plusieurs options [&hellip;]","og_url":"https:\/\/elektrozine.be\/fr\/klipsch-presente-le-premier-set-de-haut-parleurs-actifs\/","og_site_name":"elektrozine.be","article_publisher":"https:\/\/www.facebook.com\/elektrozine\/","article_author":"https:\/\/www.facebook.com\/elektrozine\/?fref=ts","article_published_time":"2016-01-18T11:00:18+00:00","og_image":[{"url":"http:\/\/elektrozine.be\/wp-content\/uploads\/2016\/01\/klipsch-r15pm-2-1024x768.jpg","type":"","width":"","height":""}],"author":"Jens Desmet","twitter_card":"summary_large_image","twitter_creator":"@elektrozine","twitter_site":"@elektrozine","twitter_misc":{"Written by":"Jens Desmet","Est. reading time":"1 minute"},"schema":{"@context":"https:\/\/schema.org","@graph":[{"@type":"WebPage","@id":"https:\/\/elektrozine.be\/fr\/klipsch-presente-le-premier-set-de-haut-parleurs-actifs\/","url":"https:\/\/elektrozine.be\/fr\/klipsch-presente-le-premier-set-de-haut-parleurs-actifs\/","name":"Klipsch\u00a0pr\u00e9sente le premier set de haut-parleurs actifs","isPartOf":{"@id":"https:\/\/elektrozine.be\/#website"},"primaryImageOfPage":{"@id":"https:\/\/elektrozine.be\/fr\/klipsch-presente-le-premier-set-de-haut-parleurs-actifs\/#primaryimage"},"image":{"@id":"https:\/\/elektrozine.be\/fr\/klipsch-presente-le-premier-set-de-haut-parleurs-actifs\/#primaryimage"},"thumbnailUrl":"http:\/\/elektrozine.be\/wp-content\/uploads\/2016\/01\/klipsch-r15pm-2-1024x768.jpg","datePublished":"2016-01-18T11:00:18+00:00","author":{"@id":"https:\/\/elektrozine.be\/#\/schema\/person\/78f5e79bbc3faa7a295d9ee686c1b561"},"breadcrumb":{"@id":"https:\/\/elektrozine.be\/fr\/klipsch-presente-le-premier-set-de-haut-parleurs-actifs\/#breadcrumb"},"inLanguage":"fr-fr","potentialAction":[{"@type":"ReadAction","target":["https:\/\/elektrozine.be\/fr\/klipsch-presente-le-premier-set-de-haut-parleurs-actifs\/"]}]},{"@type":"ImageObject","inLanguage":"fr-fr","@id":"https:\/\/elektrozine.be\/fr\/klipsch-presente-le-premier-set-de-haut-parleurs-actifs\/#primaryimage","url":"http:\/\/elektrozine.be\/wp-content\/uploads\/2016\/01\/klipsch-r15pm-2-1024x768.jpg","contentUrl":"http:\/\/elektrozine.be\/wp-content\/uploads\/2016\/01\/klipsch-r15pm-2-1024x768.jpg"},{"@type":"BreadcrumbList","@id":"https:\/\/elektrozine.be\/fr\/klipsch-presente-le-premier-set-de-haut-parleurs-actifs\/#breadcrumb","itemListElement":[{"@type":"ListItem","position":1,"name":"Home","item":"https:\/\/elektrozine.be\/fr\/"},{"@type":"ListItem","position":2,"name":"Klipsch\u00a0pr\u00e9sente le premier set de haut-parleurs actifs"}]},{"@type":"WebSite","@id":"https:\/\/elektrozine.be\/#website","url":"https:\/\/elektrozine.be\/","name":"elektrozine.be","description":"All the stuff you need","potentialAction":[{"@type":"SearchAction","target":{"@type":"EntryPoint","urlTemplate":"https:\/\/elektrozine.be\/?s={search_term_string}"},"query-input":{"@type":"PropertyValueSpecification","valueRequired":true,"valueName":"search_term_string"}}],"inLanguage":"fr-fr"},{"@type":"Person","@id":"https:\/\/elektrozine.be\/#\/schema\/person\/78f5e79bbc3faa7a295d9ee686c1b561","name":"Jens Desmet","image":{"@type":"ImageObject","inLanguage":"fr-fr","@id":"https:\/\/elektrozine.be\/#\/schema\/person\/image\/","url":"https:\/\/secure.gravatar.com\/avatar\/84d7ab050be22b08f58cf8c560755aaf173857c97469ac3dfac594473b5aa4bd?s=96&d=mm&r=g","contentUrl":"https:\/\/secure.gravatar.com\/avatar\/84d7ab050be22b08f58cf8c560755aaf173857c97469ac3dfac594473b5aa4bd?s=96&d=mm&r=g","caption":"Jens Desmet"},"description":"Met eigenschappen als \u2018super speed\u2018 en \u2018teleportation\u2019 bepaalt Jens als een volleerde superheld sinds september 2011 de redactionele lijnen bij Elektrozine.be. Z\u2019n kryptoniet (of guilty pleasures)? Z\u2019n smartphone en een lekkere pizza op tijd en stond. Opgeven kent Jens niet. Zo slaagde hij er ooit in liefst 7 keer na elkaar (!) naar Street Fighter te kijken\u2026","sameAs":["https:\/\/www.facebook.com\/elektrozine\/?fref=ts","https:\/\/x.com\/@elektrozine"],"url":"https:\/\/elektrozine.be\/fr\/author\/jens\/"}]}},"amp_enabled":true,"_links":{"self":[{"href":"https:\/\/elektrozine.be\/fr\/wp-json\/wp\/v2\/posts\/9097\/"}],"collection":[{"href":"https:\/\/elektrozine.be\/fr\/wp-json\/wp\/v2\/posts\/"}],"about":[{"href":"https:\/\/elektrozine.be\/fr\/wp-json\/wp\/v2\/types\/post\/"}],"author":[{"embeddable":true,"href":"https:\/\/elektrozine.be\/fr\/wp-json\/wp\/v2\/users\/4\/"}],"replies":[{"embeddable":true,"href":"https:\/\/elektrozine.be\/fr\/wp-json\/wp\/v2\/comments\/?post=9097"}],"version-history":[{"count":0,"href":"https:\/\/elektrozine.be\/fr\/wp-json\/wp\/v2\/posts\/9097\/revisions\/"}],"wp:attachment":[{"href":"https:\/\/elektrozine.be\/fr\/wp-json\/wp\/v2\/media\/?parent=9097"}],"wp:term":[{"taxonomy":"category","embeddable":true,"href":"https:\/\/elektrozine.be\/fr\/wp-json\/wp\/v2\/categories\/?post=9097"},{"taxonomy":"post_tag","embeddable":true,"href":"https:\/\/elektrozine.be\/fr\/wp-json\/wp\/v2\/tags\/?post=9097"}],"curies":[{"name":"wp","href":"https:\/\/api.w.org\/{rel}","templated":true}]}}