{"id":7276,"date":"2016-01-13T16:01:53","date_gmt":"2016-01-13T15:01:53","guid":{"rendered":"http:\/\/elektrozine.be\/salon-ces-sony-normalise-la-hdr-dans-ses-televiseurs\/?lang=fr"},"modified":"2016-01-20T15:56:28","modified_gmt":"2016-01-20T14:56:28","slug":"salon-ces-sony-normalise-la-hdr-dans-ses-televiseurs","status":"publish","type":"post","link":"https:\/\/elektrozine.be\/fr\/salon-ces-sony-normalise-la-hdr-dans-ses-televiseurs\/","title":{"rendered":"Salon CES\u00a0: Sony normalise la HDR dans ses t\u00e9l\u00e9viseurs"},"content":{"rendered":"<p>Sony a pr\u00e9sent\u00e9 ses nouveaux t\u00e9l\u00e9viseurs \u00e0 l&#8217;occasion du CES\u00a0; il poursuit sur sa lanc\u00e9e de l&#8217;ann\u00e9e pass\u00e9e, dans le High Dynamic Range.<\/p>\n<p>Nous avons retrouv\u00e9 la HDR en primeur dans certains t\u00e9l\u00e9viseurs de premi\u00e8re qualit\u00e9, et cette ann\u00e9e, Sony entend normaliser sa technologie dans tous ses t\u00e9l\u00e9viseurs 4K. Comme les cr\u00e9ateurs de contenus &#8211; notamment le cas d&#8217;Amazon Video et de Netflix &#8211; vont davantage se pr\u00e9occuper des t\u00e9l\u00e9viseurs HDR, Sony entend mettre la technologie \u00e0 disposition de davantage de t\u00e9l\u00e9spectateurs.<\/p>\n<p>Le Bravia XD93 devient le nouveau fleuron des Japonais et sera dot\u00e9 de la technologie backlight et de X-tended Dynamic Range PRO destin\u00e9e \u00e0 booster la luminosit\u00e9. Le contraste, la luminosit\u00e9 et l&#8217;espace colorim\u00e9trique sont renforc\u00e9s et plus dynamiques.\u00a0De plus, nous avons la variation d&#8217;intensit\u00e9 locale (local dimming) et le Processeur X1 4K int\u00e9gr\u00e9, pour un meilleur contraste d&#8217;une part et une fluidit\u00e9 accrue du traitement d&#8217;image d&#8217;autre part. De plus, l&#8217;appareil fait \u00e0 peine 11,8\u00a0mm d&#8217;\u00e9paisseur \u00e0 son \u00e9paisseur la plus faible.<\/p>\n<h2>Nouveau cr\u00e9do de design<\/h2>\n<p>Sans d\u00e9roger \u00e0 son credo de design, Sony lancera cette ann\u00e9e \u00e9galement le concept <strong>Slice of Living<\/strong>\u00a0: un nouveau design int\u00e9grant les tendances actuelles \u00e0 l&#8217;introduction de tons champagne, or et argent dans le living.<\/p>\n<p>L&#8217;\u00e9cran presque d\u00e9pourvu de bords, li\u00e9 \u00e0 une nouvelle solution destin\u00e9e \u00e0 dissimuler les c\u00e2bles et les cordons, assure un <em>look<\/em> plus sobre et permet, gr\u00e2ce \u00e0 un nouveau syst\u00e8me de cloisons, de fixer le t\u00e9l\u00e9viseur \u00e0 3,6\u00a0cm \u00e0 peine du mur.<\/p>\n<h2>Android\u00a0TV<\/h2>\n<p>Sony \u00e9quipe \u00e9galement ses nouveaux t\u00e9l\u00e9viseurs d&#8217;Android TV, le gage d&#8217;un acc\u00e8s imm\u00e9diat \u00e0 la biblioth\u00e8que d&#8217;applications de Google Play.<\/p>\n\r\n                <div id='position_image_loading_by_brand_2092894504' style='text-align: center;padding: 20px;'><img  src='https:\/\/elektrozine.be\/wp-content\/themes\/Newspaper\/images\/ajax-loader.gif' \/><\/div>\r\n                <div id='position_display_data_by_brand_2092894504'><div style='text-align:center;padding:15px;border:1px solid #ccc;display:none'>Klik <a style='cursor: pointer'>hier<\/a> om producten in te laden<\/div><\/div>\r\n                <script>        \r\n                jQuery(document).ready(function(){  \r\n                    jQuery('#position_display_data_by_brand_2092894504').find('a').click(function(){callReload({\"action\":\"load_getproducts_by_brand\",\"brand_id\":\"2662\",\"category\":\"141\",\"count\":\"30\",\"title\":\"\",\"description\":\"30\",\"order\":\"random\",\"view\":\"\",\"divid\":2092894504}, 'position_display_data_by_brand_2092894504','position_image_loading_by_brand_2092894504');})       \r\n                    callReload({\"action\":\"load_getproducts_by_brand\",\"brand_id\":\"2662\",\"category\":\"141\",\"count\":\"30\",\"title\":\"\",\"description\":\"30\",\"order\":\"random\",\"view\":\"\",\"divid\":2092894504}, 'position_display_data_by_brand_2092894504','position_image_loading_by_brand_2092894504');\r\n                });\r\n            <\/script>\r\n            \n","protected":false},"excerpt":{"rendered":"<p>Sony a pr\u00e9sent\u00e9 ses nouveaux t\u00e9l\u00e9viseurs \u00e0 l&#8217;occasion du CES\u00a0; il poursuit sur sa lanc\u00e9e de l&#8217;ann\u00e9e pass\u00e9e, dans le High Dynamic Range. Nous avons retrouv\u00e9 la HDR en primeur dans certains t\u00e9l\u00e9viseurs de premi\u00e8re qualit\u00e9, et cette ann\u00e9e, Sony entend normaliser sa technologie dans tous ses t\u00e9l\u00e9viseurs 4K. Comme les cr\u00e9ateurs de contenus &#8211; [&hellip;]<\/p>\n","protected":false},"author":4,"featured_media":7032,"comment_status":"open","ping_status":"open","sticky":false,"template":"","format":"standard","meta":{"tdm_status":"","tdm_grid_status":"","footnotes":""},"categories":[1123],"tags":[],"class_list":{"0":"post-7276","1":"post","2":"type-post","3":"status-publish","4":"format-standard","5":"has-post-thumbnail","7":"category-televiseur"},"yoast_head":"<!-- This site is optimized with the Yoast SEO plugin v26.2 - https:\/\/yoast.com\/wordpress\/plugins\/seo\/ -->\n<title>Salon CES\u00a0: Sony normalise la HDR dans ses t\u00e9l\u00e9viseurs<\/title>\n<meta name=\"robots\" content=\"index, follow, max-snippet:-1, max-image-preview:large, max-video-preview:-1\" \/>\n<link rel=\"canonical\" href=\"https:\/\/elektrozine.be\/fr\/salon-ces-sony-normalise-la-hdr-dans-ses-televiseurs\/\" \/>\n<meta property=\"og:locale\" content=\"fr_FR\" \/>\n<meta property=\"og:type\" content=\"article\" \/>\n<meta property=\"og:title\" content=\"Salon CES\u00a0: Sony normalise la HDR dans ses t\u00e9l\u00e9viseurs\" \/>\n<meta property=\"og:description\" content=\"Sony a pr\u00e9sent\u00e9 ses nouveaux t\u00e9l\u00e9viseurs \u00e0 l&#8217;occasion du CES\u00a0; il poursuit sur sa lanc\u00e9e de l&#8217;ann\u00e9e pass\u00e9e, dans le High Dynamic Range. Nous avons retrouv\u00e9 la HDR en primeur dans certains t\u00e9l\u00e9viseurs de premi\u00e8re qualit\u00e9, et cette ann\u00e9e, Sony entend normaliser sa technologie dans tous ses t\u00e9l\u00e9viseurs 4K. Comme les cr\u00e9ateurs de contenus &#8211; [&hellip;]\" \/>\n<meta property=\"og:url\" content=\"https:\/\/elektrozine.be\/fr\/salon-ces-sony-normalise-la-hdr-dans-ses-televiseurs\/\" \/>\n<meta property=\"og:site_name\" content=\"elektrozine.be\" \/>\n<meta property=\"article:publisher\" content=\"https:\/\/www.facebook.com\/elektrozine\/\" \/>\n<meta property=\"article:author\" content=\"https:\/\/www.facebook.com\/elektrozine\/?fref=ts\" \/>\n<meta property=\"article:published_time\" content=\"2016-01-13T15:01:53+00:00\" \/>\n<meta property=\"article:modified_time\" content=\"2016-01-20T14:56:28+00:00\" \/>\n<meta property=\"og:image\" content=\"https:\/\/elektrozine.be\/wp-content\/uploads\/2016\/01\/sony-cd93.jpg\" \/>\n\t<meta property=\"og:image:width\" content=\"1600\" \/>\n\t<meta property=\"og:image:height\" content=\"1200\" \/>\n\t<meta property=\"og:image:type\" content=\"image\/jpeg\" \/>\n<meta name=\"author\" content=\"Jens Desmet\" \/>\n<meta name=\"twitter:card\" content=\"summary_large_image\" \/>\n<meta name=\"twitter:creator\" content=\"@elektrozine\" \/>\n<meta name=\"twitter:site\" content=\"@elektrozine\" \/>\n<meta name=\"twitter:label1\" content=\"Written by\" \/>\n\t<meta name=\"twitter:data1\" content=\"Jens Desmet\" \/>\n\t<meta name=\"twitter:label2\" content=\"Est. reading time\" \/>\n\t<meta name=\"twitter:data2\" content=\"2 minutes\" \/>\n<script type=\"application\/ld+json\" class=\"yoast-schema-graph\">{\"@context\":\"https:\/\/schema.org\",\"@graph\":[{\"@type\":\"WebPage\",\"@id\":\"https:\/\/elektrozine.be\/fr\/salon-ces-sony-normalise-la-hdr-dans-ses-televiseurs\/\",\"url\":\"https:\/\/elektrozine.be\/fr\/salon-ces-sony-normalise-la-hdr-dans-ses-televiseurs\/\",\"name\":\"Salon CES\u00a0: Sony normalise la HDR dans ses t\u00e9l\u00e9viseurs\",\"isPartOf\":{\"@id\":\"https:\/\/elektrozine.be\/#website\"},\"primaryImageOfPage\":{\"@id\":\"https:\/\/elektrozine.be\/fr\/salon-ces-sony-normalise-la-hdr-dans-ses-televiseurs\/#primaryimage\"},\"image\":{\"@id\":\"https:\/\/elektrozine.be\/fr\/salon-ces-sony-normalise-la-hdr-dans-ses-televiseurs\/#primaryimage\"},\"thumbnailUrl\":\"https:\/\/elektrozine.be\/wp-content\/uploads\/2016\/01\/sony-cd93.jpg\",\"datePublished\":\"2016-01-13T15:01:53+00:00\",\"dateModified\":\"2016-01-20T14:56:28+00:00\",\"author\":{\"@id\":\"https:\/\/elektrozine.be\/#\/schema\/person\/78f5e79bbc3faa7a295d9ee686c1b561\"},\"breadcrumb\":{\"@id\":\"https:\/\/elektrozine.be\/fr\/salon-ces-sony-normalise-la-hdr-dans-ses-televiseurs\/#breadcrumb\"},\"inLanguage\":\"fr-fr\",\"potentialAction\":[{\"@type\":\"ReadAction\",\"target\":[\"https:\/\/elektrozine.be\/fr\/salon-ces-sony-normalise-la-hdr-dans-ses-televiseurs\/\"]}]},{\"@type\":\"ImageObject\",\"inLanguage\":\"fr-fr\",\"@id\":\"https:\/\/elektrozine.be\/fr\/salon-ces-sony-normalise-la-hdr-dans-ses-televiseurs\/#primaryimage\",\"url\":\"https:\/\/elektrozine.be\/wp-content\/uploads\/2016\/01\/sony-cd93.jpg\",\"contentUrl\":\"https:\/\/elektrozine.be\/wp-content\/uploads\/2016\/01\/sony-cd93.jpg\",\"width\":1600,\"height\":1200},{\"@type\":\"BreadcrumbList\",\"@id\":\"https:\/\/elektrozine.be\/fr\/salon-ces-sony-normalise-la-hdr-dans-ses-televiseurs\/#breadcrumb\",\"itemListElement\":[{\"@type\":\"ListItem\",\"position\":1,\"name\":\"Home\",\"item\":\"https:\/\/elektrozine.be\/fr\/\"},{\"@type\":\"ListItem\",\"position\":2,\"name\":\"Salon CES\u00a0: Sony normalise la HDR dans ses t\u00e9l\u00e9viseurs\"}]},{\"@type\":\"WebSite\",\"@id\":\"https:\/\/elektrozine.be\/#website\",\"url\":\"https:\/\/elektrozine.be\/\",\"name\":\"elektrozine.be\",\"description\":\"All the stuff you need\",\"potentialAction\":[{\"@type\":\"SearchAction\",\"target\":{\"@type\":\"EntryPoint\",\"urlTemplate\":\"https:\/\/elektrozine.be\/?s={search_term_string}\"},\"query-input\":{\"@type\":\"PropertyValueSpecification\",\"valueRequired\":true,\"valueName\":\"search_term_string\"}}],\"inLanguage\":\"fr-fr\"},{\"@type\":\"Person\",\"@id\":\"https:\/\/elektrozine.be\/#\/schema\/person\/78f5e79bbc3faa7a295d9ee686c1b561\",\"name\":\"Jens Desmet\",\"image\":{\"@type\":\"ImageObject\",\"inLanguage\":\"fr-fr\",\"@id\":\"https:\/\/elektrozine.be\/#\/schema\/person\/image\/\",\"url\":\"https:\/\/secure.gravatar.com\/avatar\/84d7ab050be22b08f58cf8c560755aaf173857c97469ac3dfac594473b5aa4bd?s=96&d=mm&r=g\",\"contentUrl\":\"https:\/\/secure.gravatar.com\/avatar\/84d7ab050be22b08f58cf8c560755aaf173857c97469ac3dfac594473b5aa4bd?s=96&d=mm&r=g\",\"caption\":\"Jens Desmet\"},\"description\":\"Met eigenschappen als \u2018super speed\u2018 en \u2018teleportation\u2019 bepaalt Jens als een volleerde superheld sinds september 2011 de redactionele lijnen bij Elektrozine.be. Z\u2019n kryptoniet (of guilty pleasures)? Z\u2019n smartphone en een lekkere pizza op tijd en stond. Opgeven kent Jens niet. Zo slaagde hij er ooit in liefst 7 keer na elkaar (!) naar Street Fighter te kijken\u2026\",\"sameAs\":[\"https:\/\/www.facebook.com\/elektrozine\/?fref=ts\",\"https:\/\/x.com\/@elektrozine\"],\"url\":\"https:\/\/elektrozine.be\/fr\/author\/jens\/\"}]}<\/script>\n<!-- \/ Yoast SEO plugin. -->","yoast_head_json":{"title":"Salon CES\u00a0: Sony normalise la HDR dans ses t\u00e9l\u00e9viseurs","robots":{"index":"index","follow":"follow","max-snippet":"max-snippet:-1","max-image-preview":"max-image-preview:large","max-video-preview":"max-video-preview:-1"},"canonical":"https:\/\/elektrozine.be\/fr\/salon-ces-sony-normalise-la-hdr-dans-ses-televiseurs\/","og_locale":"fr_FR","og_type":"article","og_title":"Salon CES\u00a0: Sony normalise la HDR dans ses t\u00e9l\u00e9viseurs","og_description":"Sony a pr\u00e9sent\u00e9 ses nouveaux t\u00e9l\u00e9viseurs \u00e0 l&#8217;occasion du CES\u00a0; il poursuit sur sa lanc\u00e9e de l&#8217;ann\u00e9e pass\u00e9e, dans le High Dynamic Range. Nous avons retrouv\u00e9 la HDR en primeur dans certains t\u00e9l\u00e9viseurs de premi\u00e8re qualit\u00e9, et cette ann\u00e9e, Sony entend normaliser sa technologie dans tous ses t\u00e9l\u00e9viseurs 4K. Comme les cr\u00e9ateurs de contenus &#8211; [&hellip;]","og_url":"https:\/\/elektrozine.be\/fr\/salon-ces-sony-normalise-la-hdr-dans-ses-televiseurs\/","og_site_name":"elektrozine.be","article_publisher":"https:\/\/www.facebook.com\/elektrozine\/","article_author":"https:\/\/www.facebook.com\/elektrozine\/?fref=ts","article_published_time":"2016-01-13T15:01:53+00:00","article_modified_time":"2016-01-20T14:56:28+00:00","og_image":[{"width":1600,"height":1200,"url":"https:\/\/elektrozine.be\/wp-content\/uploads\/2016\/01\/sony-cd93.jpg","type":"image\/jpeg"}],"author":"Jens Desmet","twitter_card":"summary_large_image","twitter_creator":"@elektrozine","twitter_site":"@elektrozine","twitter_misc":{"Written by":"Jens Desmet","Est. reading time":"2 minutes"},"schema":{"@context":"https:\/\/schema.org","@graph":[{"@type":"WebPage","@id":"https:\/\/elektrozine.be\/fr\/salon-ces-sony-normalise-la-hdr-dans-ses-televiseurs\/","url":"https:\/\/elektrozine.be\/fr\/salon-ces-sony-normalise-la-hdr-dans-ses-televiseurs\/","name":"Salon CES\u00a0: Sony normalise la HDR dans ses t\u00e9l\u00e9viseurs","isPartOf":{"@id":"https:\/\/elektrozine.be\/#website"},"primaryImageOfPage":{"@id":"https:\/\/elektrozine.be\/fr\/salon-ces-sony-normalise-la-hdr-dans-ses-televiseurs\/#primaryimage"},"image":{"@id":"https:\/\/elektrozine.be\/fr\/salon-ces-sony-normalise-la-hdr-dans-ses-televiseurs\/#primaryimage"},"thumbnailUrl":"https:\/\/elektrozine.be\/wp-content\/uploads\/2016\/01\/sony-cd93.jpg","datePublished":"2016-01-13T15:01:53+00:00","dateModified":"2016-01-20T14:56:28+00:00","author":{"@id":"https:\/\/elektrozine.be\/#\/schema\/person\/78f5e79bbc3faa7a295d9ee686c1b561"},"breadcrumb":{"@id":"https:\/\/elektrozine.be\/fr\/salon-ces-sony-normalise-la-hdr-dans-ses-televiseurs\/#breadcrumb"},"inLanguage":"fr-fr","potentialAction":[{"@type":"ReadAction","target":["https:\/\/elektrozine.be\/fr\/salon-ces-sony-normalise-la-hdr-dans-ses-televiseurs\/"]}]},{"@type":"ImageObject","inLanguage":"fr-fr","@id":"https:\/\/elektrozine.be\/fr\/salon-ces-sony-normalise-la-hdr-dans-ses-televiseurs\/#primaryimage","url":"https:\/\/elektrozine.be\/wp-content\/uploads\/2016\/01\/sony-cd93.jpg","contentUrl":"https:\/\/elektrozine.be\/wp-content\/uploads\/2016\/01\/sony-cd93.jpg","width":1600,"height":1200},{"@type":"BreadcrumbList","@id":"https:\/\/elektrozine.be\/fr\/salon-ces-sony-normalise-la-hdr-dans-ses-televiseurs\/#breadcrumb","itemListElement":[{"@type":"ListItem","position":1,"name":"Home","item":"https:\/\/elektrozine.be\/fr\/"},{"@type":"ListItem","position":2,"name":"Salon CES\u00a0: Sony normalise la HDR dans ses t\u00e9l\u00e9viseurs"}]},{"@type":"WebSite","@id":"https:\/\/elektrozine.be\/#website","url":"https:\/\/elektrozine.be\/","name":"elektrozine.be","description":"All the stuff you need","potentialAction":[{"@type":"SearchAction","target":{"@type":"EntryPoint","urlTemplate":"https:\/\/elektrozine.be\/?s={search_term_string}"},"query-input":{"@type":"PropertyValueSpecification","valueRequired":true,"valueName":"search_term_string"}}],"inLanguage":"fr-fr"},{"@type":"Person","@id":"https:\/\/elektrozine.be\/#\/schema\/person\/78f5e79bbc3faa7a295d9ee686c1b561","name":"Jens Desmet","image":{"@type":"ImageObject","inLanguage":"fr-fr","@id":"https:\/\/elektrozine.be\/#\/schema\/person\/image\/","url":"https:\/\/secure.gravatar.com\/avatar\/84d7ab050be22b08f58cf8c560755aaf173857c97469ac3dfac594473b5aa4bd?s=96&d=mm&r=g","contentUrl":"https:\/\/secure.gravatar.com\/avatar\/84d7ab050be22b08f58cf8c560755aaf173857c97469ac3dfac594473b5aa4bd?s=96&d=mm&r=g","caption":"Jens Desmet"},"description":"Met eigenschappen als \u2018super speed\u2018 en \u2018teleportation\u2019 bepaalt Jens als een volleerde superheld sinds september 2011 de redactionele lijnen bij Elektrozine.be. Z\u2019n kryptoniet (of guilty pleasures)? Z\u2019n smartphone en een lekkere pizza op tijd en stond. Opgeven kent Jens niet. Zo slaagde hij er ooit in liefst 7 keer na elkaar (!) naar Street Fighter te kijken\u2026","sameAs":["https:\/\/www.facebook.com\/elektrozine\/?fref=ts","https:\/\/x.com\/@elektrozine"],"url":"https:\/\/elektrozine.be\/fr\/author\/jens\/"}]}},"amp_enabled":true,"_links":{"self":[{"href":"https:\/\/elektrozine.be\/fr\/wp-json\/wp\/v2\/posts\/7276\/"}],"collection":[{"href":"https:\/\/elektrozine.be\/fr\/wp-json\/wp\/v2\/posts\/"}],"about":[{"href":"https:\/\/elektrozine.be\/fr\/wp-json\/wp\/v2\/types\/post\/"}],"author":[{"embeddable":true,"href":"https:\/\/elektrozine.be\/fr\/wp-json\/wp\/v2\/users\/4\/"}],"replies":[{"embeddable":true,"href":"https:\/\/elektrozine.be\/fr\/wp-json\/wp\/v2\/comments\/?post=7276"}],"version-history":[{"count":3,"href":"https:\/\/elektrozine.be\/fr\/wp-json\/wp\/v2\/posts\/7276\/revisions\/"}],"predecessor-version":[{"id":7288,"href":"https:\/\/elektrozine.be\/fr\/wp-json\/wp\/v2\/posts\/7276\/revisions\/7288\/"}],"wp:featuredmedia":[{"embeddable":true,"href":"https:\/\/elektrozine.be\/fr\/wp-json\/wp\/v2\/media\/7032\/"}],"wp:attachment":[{"href":"https:\/\/elektrozine.be\/fr\/wp-json\/wp\/v2\/media\/?parent=7276"}],"wp:term":[{"taxonomy":"category","embeddable":true,"href":"https:\/\/elektrozine.be\/fr\/wp-json\/wp\/v2\/categories\/?post=7276"},{"taxonomy":"post_tag","embeddable":true,"href":"https:\/\/elektrozine.be\/fr\/wp-json\/wp\/v2\/tags\/?post=7276"}],"curies":[{"name":"wp","href":"https:\/\/api.w.org\/{rel}","templated":true}]}}