{"id":7045,"date":"2015-05-29T19:46:30","date_gmt":"2015-05-29T18:46:30","guid":{"rendered":"http:\/\/elektrozine.be\/?p=7045&#038;lang=fr"},"modified":"2016-01-13T16:55:52","modified_gmt":"2016-01-13T15:55:52","slug":"laurastar-fete-ses-35-ans","status":"publish","type":"post","link":"https:\/\/elektrozine.be\/fr\/laurastar-fete-ses-35-ans\/","title":{"rendered":"Laurastar f\u00eate ses 35 ans"},"content":{"rendered":"<p class=\"p1\"><span class=\"s1\"><a href=\"http:\/\/www.laurastar.be\/nl\" target=\"_blank\">Laurastar<\/a>, la marque de fers \u00e0 repasser suisse, existe depuis 35 ans ! Un anniversaire que la marque entend f\u00eater avec \u00e9l\u00e9gance en relookant son syst\u00e8me de repassage. La planche \u00e0 repasser est \u00e9quip\u00e9e d\u2019une housse rouge corail : trendy et high performance. Deux mots cl\u00e9s qui concordent parfaitement avec son image.<\/span><\/p>\n<p>L\u2019aspect esth\u00e9tique est souvent laiss\u00e9 de c\u00f4t\u00e9 pour les \u00e9lectrom\u00e9nagers. Laurastar ajoute cependant une touche color\u00e9e r\u00e9ussie \u00e0 sa gamme. La marque a en effet quelque chose \u00e0 c\u00e9l\u00e9brer : elle permet depuis 35 ans \u00e0 ses clients d\u2019obtenir des r\u00e9sultats de repassage parfaits ! La nouvelle housse est sp\u00e9cialement con\u00e7ue pour r\u00e9sister \u00e0 des temp\u00e9ratures extr\u00eamement \u00e9lev\u00e9es. Ce tissu est notamment utilis\u00e9 dans les tenues de travail de protection. La housse r\u00e9siste donc tr\u00e8s bien \u00e0 la chaleur.<\/p>\n<p>Le Laurastar Pulse, son syst\u00e8me de repassage high-tech, est donc accompagn\u00e9 d\u2019un chouette accessoire. Ce syst\u00e8me de repassage est incroyable. Cette planche fera sans aucun doute le bonheur de nombreuses femmes.<\/p>\n<p>Le syst\u00e8me de repassage est \u00e9quip\u00e9 d\u2019un syst\u00e8me de soufflerie pour que les faux plis n&#8217;aient aucune chance. Inversement, le syst\u00e8me est aussi \u00e9quip\u00e9 d\u2019un syst\u00e8me d\u2019aspiration pour obtenir des plis parfaits l\u00e0 o\u00f9 on les souhaite. Vous pourrez donc rendre \u00e0 vos v\u00eatements leur beaut\u00e9 initiale. La vapeur puls\u00e9e ultrafine prot\u00e8ge en outre les tissus d\u00e9licats et permet de bien conserver la couleur originale. Gr\u00e2ce aux impulsions de vapeur automatiques, la vapeur est diffus\u00e9e uniform\u00e9ment, pour un r\u00e9sultat parfait. L\u2019ergonomie de l\u2019appareil a \u00e9galement bien \u00e9t\u00e9 pens\u00e9e. Cet appareil offre une tr\u00e8s bonne maniabilit\u00e9.<\/p>\n<p>Ce syst\u00e8me de repassage vous propose pour ainsi dire tout ce dont vous avez besoin : il est pr\u00eat \u00e0 l\u2019emploi en 3 minutes, il assure d\u2019excellentes prestations de repassage et il est tr\u00e8s facile \u00e0 ranger. Vous en faut-il plus ? C\u2019est un vrai don du ciel pour de nombreuses femmes et les hommes modernes.<\/p>\n<p>Prix recommand\u00e9 : \u20ac 1849<\/p>\n","protected":false},"excerpt":{"rendered":"<p>Laurastar, la marque de fers \u00e0 repasser suisse, existe depuis 35 ans ! Un anniversaire que la marque entend f\u00eater avec \u00e9l\u00e9gance en relookant son syst\u00e8me de repassage. La planche \u00e0 repasser est \u00e9quip\u00e9e d\u2019une housse rouge corail : trendy et high performance. Deux mots cl\u00e9s qui concordent parfaitement avec son image. L\u2019aspect esth\u00e9tique est [&hellip;]<\/p>\n","protected":false},"author":5,"featured_media":7047,"comment_status":"open","ping_status":"open","sticky":false,"template":"","format":"standard","meta":{"tdm_status":"","tdm_grid_status":"","footnotes":""},"categories":[1145],"tags":[],"class_list":{"0":"post-7045","1":"post","2":"type-post","3":"status-publish","4":"format-standard","5":"has-post-thumbnail","7":"category-fer-a-repasser"},"yoast_head":"<!-- This site is optimized with the Yoast SEO plugin v26.2 - https:\/\/yoast.com\/wordpress\/plugins\/seo\/ -->\n<title>Laurastar f\u00eate ses 35 ans<\/title>\n<meta name=\"robots\" content=\"index, follow, max-snippet:-1, max-image-preview:large, max-video-preview:-1\" \/>\n<link rel=\"canonical\" href=\"https:\/\/elektrozine.be\/fr\/laurastar-fete-ses-35-ans\/\" \/>\n<meta property=\"og:locale\" content=\"fr_FR\" \/>\n<meta property=\"og:type\" content=\"article\" \/>\n<meta property=\"og:title\" content=\"Laurastar f\u00eate ses 35 ans\" \/>\n<meta property=\"og:description\" content=\"Laurastar, la marque de fers \u00e0 repasser suisse, existe depuis 35 ans ! Un anniversaire que la marque entend f\u00eater avec \u00e9l\u00e9gance en relookant son syst\u00e8me de repassage. La planche \u00e0 repasser est \u00e9quip\u00e9e d\u2019une housse rouge corail : trendy et high performance. Deux mots cl\u00e9s qui concordent parfaitement avec son image. L\u2019aspect esth\u00e9tique est [&hellip;]\" \/>\n<meta property=\"og:url\" content=\"https:\/\/elektrozine.be\/fr\/laurastar-fete-ses-35-ans\/\" \/>\n<meta property=\"og:site_name\" content=\"elektrozine.be\" \/>\n<meta property=\"article:publisher\" content=\"https:\/\/www.facebook.com\/elektrozine\/\" \/>\n<meta property=\"article:published_time\" content=\"2015-05-29T18:46:30+00:00\" \/>\n<meta property=\"article:modified_time\" content=\"2016-01-13T15:55:52+00:00\" \/>\n<meta property=\"og:image\" content=\"https:\/\/elektrozine.be\/wp-content\/uploads\/2015\/05\/Laurastar.jpg\" \/>\n\t<meta property=\"og:image:width\" content=\"746\" \/>\n\t<meta property=\"og:image:height\" content=\"1054\" \/>\n\t<meta property=\"og:image:type\" content=\"image\/jpeg\" \/>\n<meta name=\"author\" content=\"Gauthier\" \/>\n<meta name=\"twitter:card\" content=\"summary_large_image\" \/>\n<meta name=\"twitter:creator\" content=\"@elektrozine\" \/>\n<meta name=\"twitter:site\" content=\"@elektrozine\" \/>\n<meta name=\"twitter:label1\" content=\"Written by\" \/>\n\t<meta name=\"twitter:data1\" content=\"Gauthier\" \/>\n\t<meta name=\"twitter:label2\" content=\"Est. reading time\" \/>\n\t<meta name=\"twitter:data2\" content=\"2 minutes\" \/>\n<script type=\"application\/ld+json\" class=\"yoast-schema-graph\">{\"@context\":\"https:\/\/schema.org\",\"@graph\":[{\"@type\":\"WebPage\",\"@id\":\"https:\/\/elektrozine.be\/fr\/laurastar-fete-ses-35-ans\/\",\"url\":\"https:\/\/elektrozine.be\/fr\/laurastar-fete-ses-35-ans\/\",\"name\":\"Laurastar f\u00eate ses 35 ans\",\"isPartOf\":{\"@id\":\"https:\/\/elektrozine.be\/#website\"},\"primaryImageOfPage\":{\"@id\":\"https:\/\/elektrozine.be\/fr\/laurastar-fete-ses-35-ans\/#primaryimage\"},\"image\":{\"@id\":\"https:\/\/elektrozine.be\/fr\/laurastar-fete-ses-35-ans\/#primaryimage\"},\"thumbnailUrl\":\"https:\/\/elektrozine.be\/wp-content\/uploads\/2015\/05\/Laurastar.jpg\",\"datePublished\":\"2015-05-29T18:46:30+00:00\",\"dateModified\":\"2016-01-13T15:55:52+00:00\",\"author\":{\"@id\":\"https:\/\/elektrozine.be\/#\/schema\/person\/6a83f38215714b172da4fa9b6fa7f6da\"},\"breadcrumb\":{\"@id\":\"https:\/\/elektrozine.be\/fr\/laurastar-fete-ses-35-ans\/#breadcrumb\"},\"inLanguage\":\"fr-fr\",\"potentialAction\":[{\"@type\":\"ReadAction\",\"target\":[\"https:\/\/elektrozine.be\/fr\/laurastar-fete-ses-35-ans\/\"]}]},{\"@type\":\"ImageObject\",\"inLanguage\":\"fr-fr\",\"@id\":\"https:\/\/elektrozine.be\/fr\/laurastar-fete-ses-35-ans\/#primaryimage\",\"url\":\"https:\/\/elektrozine.be\/wp-content\/uploads\/2015\/05\/Laurastar.jpg\",\"contentUrl\":\"https:\/\/elektrozine.be\/wp-content\/uploads\/2015\/05\/Laurastar.jpg\",\"width\":746,\"height\":1054},{\"@type\":\"BreadcrumbList\",\"@id\":\"https:\/\/elektrozine.be\/fr\/laurastar-fete-ses-35-ans\/#breadcrumb\",\"itemListElement\":[{\"@type\":\"ListItem\",\"position\":1,\"name\":\"Home\",\"item\":\"https:\/\/elektrozine.be\/fr\/\"},{\"@type\":\"ListItem\",\"position\":2,\"name\":\"Laurastar f\u00eate ses 35 ans\"}]},{\"@type\":\"WebSite\",\"@id\":\"https:\/\/elektrozine.be\/#website\",\"url\":\"https:\/\/elektrozine.be\/\",\"name\":\"elektrozine.be\",\"description\":\"All the stuff you need\",\"potentialAction\":[{\"@type\":\"SearchAction\",\"target\":{\"@type\":\"EntryPoint\",\"urlTemplate\":\"https:\/\/elektrozine.be\/?s={search_term_string}\"},\"query-input\":{\"@type\":\"PropertyValueSpecification\",\"valueRequired\":true,\"valueName\":\"search_term_string\"}}],\"inLanguage\":\"fr-fr\"},{\"@type\":\"Person\",\"@id\":\"https:\/\/elektrozine.be\/#\/schema\/person\/6a83f38215714b172da4fa9b6fa7f6da\",\"name\":\"Gauthier\",\"image\":{\"@type\":\"ImageObject\",\"inLanguage\":\"fr-fr\",\"@id\":\"https:\/\/elektrozine.be\/#\/schema\/person\/image\/\",\"url\":\"https:\/\/secure.gravatar.com\/avatar\/62cb19483b8f854b22498a584d89a8a9d7c3ce5fcc6764557e88630bdd22249e?s=96&d=mm&r=g\",\"contentUrl\":\"https:\/\/secure.gravatar.com\/avatar\/62cb19483b8f854b22498a584d89a8a9d7c3ce5fcc6764557e88630bdd22249e?s=96&d=mm&r=g\",\"caption\":\"Gauthier\"},\"url\":\"https:\/\/elektrozine.be\/fr\/author\/gauthier\/\"}]}<\/script>\n<!-- \/ Yoast SEO plugin. -->","yoast_head_json":{"title":"Laurastar f\u00eate ses 35 ans","robots":{"index":"index","follow":"follow","max-snippet":"max-snippet:-1","max-image-preview":"max-image-preview:large","max-video-preview":"max-video-preview:-1"},"canonical":"https:\/\/elektrozine.be\/fr\/laurastar-fete-ses-35-ans\/","og_locale":"fr_FR","og_type":"article","og_title":"Laurastar f\u00eate ses 35 ans","og_description":"Laurastar, la marque de fers \u00e0 repasser suisse, existe depuis 35 ans ! Un anniversaire que la marque entend f\u00eater avec \u00e9l\u00e9gance en relookant son syst\u00e8me de repassage. La planche \u00e0 repasser est \u00e9quip\u00e9e d\u2019une housse rouge corail : trendy et high performance. Deux mots cl\u00e9s qui concordent parfaitement avec son image. L\u2019aspect esth\u00e9tique est [&hellip;]","og_url":"https:\/\/elektrozine.be\/fr\/laurastar-fete-ses-35-ans\/","og_site_name":"elektrozine.be","article_publisher":"https:\/\/www.facebook.com\/elektrozine\/","article_published_time":"2015-05-29T18:46:30+00:00","article_modified_time":"2016-01-13T15:55:52+00:00","og_image":[{"width":746,"height":1054,"url":"https:\/\/elektrozine.be\/wp-content\/uploads\/2015\/05\/Laurastar.jpg","type":"image\/jpeg"}],"author":"Gauthier","twitter_card":"summary_large_image","twitter_creator":"@elektrozine","twitter_site":"@elektrozine","twitter_misc":{"Written by":"Gauthier","Est. reading time":"2 minutes"},"schema":{"@context":"https:\/\/schema.org","@graph":[{"@type":"WebPage","@id":"https:\/\/elektrozine.be\/fr\/laurastar-fete-ses-35-ans\/","url":"https:\/\/elektrozine.be\/fr\/laurastar-fete-ses-35-ans\/","name":"Laurastar f\u00eate ses 35 ans","isPartOf":{"@id":"https:\/\/elektrozine.be\/#website"},"primaryImageOfPage":{"@id":"https:\/\/elektrozine.be\/fr\/laurastar-fete-ses-35-ans\/#primaryimage"},"image":{"@id":"https:\/\/elektrozine.be\/fr\/laurastar-fete-ses-35-ans\/#primaryimage"},"thumbnailUrl":"https:\/\/elektrozine.be\/wp-content\/uploads\/2015\/05\/Laurastar.jpg","datePublished":"2015-05-29T18:46:30+00:00","dateModified":"2016-01-13T15:55:52+00:00","author":{"@id":"https:\/\/elektrozine.be\/#\/schema\/person\/6a83f38215714b172da4fa9b6fa7f6da"},"breadcrumb":{"@id":"https:\/\/elektrozine.be\/fr\/laurastar-fete-ses-35-ans\/#breadcrumb"},"inLanguage":"fr-fr","potentialAction":[{"@type":"ReadAction","target":["https:\/\/elektrozine.be\/fr\/laurastar-fete-ses-35-ans\/"]}]},{"@type":"ImageObject","inLanguage":"fr-fr","@id":"https:\/\/elektrozine.be\/fr\/laurastar-fete-ses-35-ans\/#primaryimage","url":"https:\/\/elektrozine.be\/wp-content\/uploads\/2015\/05\/Laurastar.jpg","contentUrl":"https:\/\/elektrozine.be\/wp-content\/uploads\/2015\/05\/Laurastar.jpg","width":746,"height":1054},{"@type":"BreadcrumbList","@id":"https:\/\/elektrozine.be\/fr\/laurastar-fete-ses-35-ans\/#breadcrumb","itemListElement":[{"@type":"ListItem","position":1,"name":"Home","item":"https:\/\/elektrozine.be\/fr\/"},{"@type":"ListItem","position":2,"name":"Laurastar f\u00eate ses 35 ans"}]},{"@type":"WebSite","@id":"https:\/\/elektrozine.be\/#website","url":"https:\/\/elektrozine.be\/","name":"elektrozine.be","description":"All the stuff you need","potentialAction":[{"@type":"SearchAction","target":{"@type":"EntryPoint","urlTemplate":"https:\/\/elektrozine.be\/?s={search_term_string}"},"query-input":{"@type":"PropertyValueSpecification","valueRequired":true,"valueName":"search_term_string"}}],"inLanguage":"fr-fr"},{"@type":"Person","@id":"https:\/\/elektrozine.be\/#\/schema\/person\/6a83f38215714b172da4fa9b6fa7f6da","name":"Gauthier","image":{"@type":"ImageObject","inLanguage":"fr-fr","@id":"https:\/\/elektrozine.be\/#\/schema\/person\/image\/","url":"https:\/\/secure.gravatar.com\/avatar\/62cb19483b8f854b22498a584d89a8a9d7c3ce5fcc6764557e88630bdd22249e?s=96&d=mm&r=g","contentUrl":"https:\/\/secure.gravatar.com\/avatar\/62cb19483b8f854b22498a584d89a8a9d7c3ce5fcc6764557e88630bdd22249e?s=96&d=mm&r=g","caption":"Gauthier"},"url":"https:\/\/elektrozine.be\/fr\/author\/gauthier\/"}]}},"amp_enabled":true,"_links":{"self":[{"href":"https:\/\/elektrozine.be\/fr\/wp-json\/wp\/v2\/posts\/7045\/"}],"collection":[{"href":"https:\/\/elektrozine.be\/fr\/wp-json\/wp\/v2\/posts\/"}],"about":[{"href":"https:\/\/elektrozine.be\/fr\/wp-json\/wp\/v2\/types\/post\/"}],"author":[{"embeddable":true,"href":"https:\/\/elektrozine.be\/fr\/wp-json\/wp\/v2\/users\/5\/"}],"replies":[{"embeddable":true,"href":"https:\/\/elektrozine.be\/fr\/wp-json\/wp\/v2\/comments\/?post=7045"}],"version-history":[{"count":1,"href":"https:\/\/elektrozine.be\/fr\/wp-json\/wp\/v2\/posts\/7045\/revisions\/"}],"predecessor-version":[{"id":7046,"href":"https:\/\/elektrozine.be\/fr\/wp-json\/wp\/v2\/posts\/7045\/revisions\/7046\/"}],"wp:featuredmedia":[{"embeddable":true,"href":"https:\/\/elektrozine.be\/fr\/wp-json\/wp\/v2\/media\/7047\/"}],"wp:attachment":[{"href":"https:\/\/elektrozine.be\/fr\/wp-json\/wp\/v2\/media\/?parent=7045"}],"wp:term":[{"taxonomy":"category","embeddable":true,"href":"https:\/\/elektrozine.be\/fr\/wp-json\/wp\/v2\/categories\/?post=7045"},{"taxonomy":"post_tag","embeddable":true,"href":"https:\/\/elektrozine.be\/fr\/wp-json\/wp\/v2\/tags\/?post=7045"}],"curies":[{"name":"wp","href":"https:\/\/api.w.org\/{rel}","templated":true}]}}