{"id":7015,"date":"2015-06-23T07:00:00","date_gmt":"2015-06-23T06:00:00","guid":{"rendered":"http:\/\/elektrozine.be\/?p=7015&#038;lang=fr"},"modified":"2016-01-13T15:26:43","modified_gmt":"2016-01-13T14:26:43","slug":"bose-modernise-le-soundlink-mini","status":"publish","type":"post","link":"https:\/\/elektrozine.be\/fr\/bose-modernise-le-soundlink-mini\/","title":{"rendered":"Bose modernise le SoundLink Mini"},"content":{"rendered":"<p>Le SoundLink Mini II, que vous pouvez \u00e9galement utiliser comme haut-parleur de t\u00e9l\u00e9phone, pr\u00e9sente une meilleure batterie et vous propose un mode multi-connect.<\/p>\n<p>Avec le SoundLink Mini, Bose a su convaincre au niveau de la qualit\u00e9 sonore et du design. Cet appareil est incroyablement petit et compact, tout en offrant une incroyable reproduction des basses pour un haut-parleur de ces dimensions.<\/p>\n<p>Pour le SoundLink Mini II, Bose a continu\u00e9 sur cette lanc\u00e9e en proposant le m\u00eame bo\u00eetier et la m\u00eame qualit\u00e9 musicale, mais en ajoutant quelques petites modifications, tr\u00e8s pratiques.<\/p>\n<p>Il pr\u00e9sente par exemple un haut-parleur t\u00e9l\u00e9phonique int\u00e9gr\u00e9, afin que vous puissiez r\u00e9pondre \u00e0 vos appels via l&#8217;appareil. Vous pouvez aussi connecter deux appareils Bluetooth en m\u00eame temps sur le SoundLink Mini II et ainsi partager plus facilement de la musique avec vos amis. La connexion de chaque appareil est d&#8217;ailleurs guid\u00e9e par des instructions orales. Le SoundLink Mini II garde en m\u00e9moire les huit derniers appareils Bluetooth utilis\u00e9s. La nouvelle batterie doit assurer une autonomie de 10 heures. <\/p>\n<p>Le SoundLink Mini II co\u00fbtera autant que son pr\u00e9d\u00e9cesseur, soit 199,95 euros. Vous retrouverez notre rapport sur le SoundLink Mini ici.<\/p>\n<h2>D\u00e9couvrez SoundLink<\/h2>\n\r\n                <div id='position_image_loading_by_line_809680684' style='text-align: center;padding: 20px;'><img src='https:\/\/elektrozine.be\/wp-content\/themes\/Newspaper\/images\/ajax-loader.gif' \/><\/div>\r\n                <div id='position_display_data_by_line_809680684'><div style='text-align:center;padding:15px;border:1px solid #ccc;display:none'>Klik <a style='cursor: pointer'>hier<\/a> om producten in te laden<\/div><\/div>\r\n                <script>        \r\n                jQuery(document).ready(function(){  \r\n                    jQuery('#position_display_data_by_line_809680684').find('a').click(function(){callReload({\"action\":\"load_getproducts_by_line\",\"line_id\":\"6117\",\"category\":null,\"count\":\"100\",\"title\":\"\",\"description\":\"0\",\"order\":\"random\",\"view\":\"\",\"divid\":809680684}, 'position_display_data_by_line_809680684','position_image_loading_by_line_809680684');})       \r\n                    callReload({\"action\":\"load_getproducts_by_line\",\"line_id\":\"6117\",\"category\":null,\"count\":\"100\",\"title\":\"\",\"description\":\"0\",\"order\":\"random\",\"view\":\"\",\"divid\":809680684}, 'position_display_data_by_line_809680684','position_image_loading_by_line_809680684');\r\n                });\r\n            <\/script>\r\n            \n","protected":false},"excerpt":{"rendered":"<p>Le SoundLink Mini II, que vous pouvez \u00e9galement utiliser comme haut-parleur de t\u00e9l\u00e9phone, pr\u00e9sente une meilleure batterie et vous propose un mode multi-connect. Avec le SoundLink Mini, Bose a su convaincre au niveau de la qualit\u00e9 sonore et du design. Cet appareil est incroyablement petit et compact, tout en offrant une incroyable reproduction des basses [&hellip;]<\/p>\n","protected":false},"author":5,"featured_media":7017,"comment_status":"open","ping_status":"open","sticky":false,"template":"","format":"standard","meta":{"tdm_status":"","tdm_grid_status":"","footnotes":""},"categories":[1117],"tags":[],"class_list":{"0":"post-7015","1":"post","2":"type-post","3":"status-publish","4":"format-standard","5":"has-post-thumbnail","7":"category-streaming-fr"},"yoast_head":"<!-- This site is optimized with the Yoast SEO plugin v26.2 - https:\/\/yoast.com\/wordpress\/plugins\/seo\/ -->\n<title>Bose modernise le SoundLink Mini<\/title>\n<meta name=\"robots\" content=\"index, follow, max-snippet:-1, max-image-preview:large, max-video-preview:-1\" \/>\n<link rel=\"canonical\" href=\"https:\/\/elektrozine.be\/fr\/bose-modernise-le-soundlink-mini\/\" \/>\n<meta property=\"og:locale\" content=\"fr_FR\" \/>\n<meta property=\"og:type\" content=\"article\" \/>\n<meta property=\"og:title\" content=\"Bose modernise le SoundLink Mini\" \/>\n<meta property=\"og:description\" content=\"Le SoundLink Mini II, que vous pouvez \u00e9galement utiliser comme haut-parleur de t\u00e9l\u00e9phone, pr\u00e9sente une meilleure batterie et vous propose un mode multi-connect. Avec le SoundLink Mini, Bose a su convaincre au niveau de la qualit\u00e9 sonore et du design. Cet appareil est incroyablement petit et compact, tout en offrant une incroyable reproduction des basses [&hellip;]\" \/>\n<meta property=\"og:url\" content=\"https:\/\/elektrozine.be\/fr\/bose-modernise-le-soundlink-mini\/\" \/>\n<meta property=\"og:site_name\" content=\"elektrozine.be\" \/>\n<meta property=\"article:publisher\" content=\"https:\/\/www.facebook.com\/elektrozine\/\" \/>\n<meta property=\"article:published_time\" content=\"2015-06-23T06:00:00+00:00\" \/>\n<meta property=\"article:modified_time\" content=\"2016-01-13T14:26:43+00:00\" \/>\n<meta property=\"og:image\" content=\"https:\/\/elektrozine.be\/wp-content\/uploads\/2015\/06\/Bose_SoundLink_Mini_speaker_II.jpg\" \/>\n\t<meta property=\"og:image:width\" content=\"1334\" \/>\n\t<meta property=\"og:image:height\" content=\"1000\" \/>\n\t<meta property=\"og:image:type\" content=\"image\/jpeg\" \/>\n<meta name=\"author\" content=\"Gauthier\" \/>\n<meta name=\"twitter:card\" content=\"summary_large_image\" \/>\n<meta name=\"twitter:creator\" content=\"@elektrozine\" \/>\n<meta name=\"twitter:site\" content=\"@elektrozine\" \/>\n<meta name=\"twitter:label1\" content=\"Written by\" \/>\n\t<meta name=\"twitter:data1\" content=\"Gauthier\" \/>\n\t<meta name=\"twitter:label2\" content=\"Est. reading time\" \/>\n\t<meta name=\"twitter:data2\" content=\"1 minute\" \/>\n<script type=\"application\/ld+json\" class=\"yoast-schema-graph\">{\"@context\":\"https:\/\/schema.org\",\"@graph\":[{\"@type\":\"WebPage\",\"@id\":\"https:\/\/elektrozine.be\/fr\/bose-modernise-le-soundlink-mini\/\",\"url\":\"https:\/\/elektrozine.be\/fr\/bose-modernise-le-soundlink-mini\/\",\"name\":\"Bose modernise le SoundLink Mini\",\"isPartOf\":{\"@id\":\"https:\/\/elektrozine.be\/#website\"},\"primaryImageOfPage\":{\"@id\":\"https:\/\/elektrozine.be\/fr\/bose-modernise-le-soundlink-mini\/#primaryimage\"},\"image\":{\"@id\":\"https:\/\/elektrozine.be\/fr\/bose-modernise-le-soundlink-mini\/#primaryimage\"},\"thumbnailUrl\":\"https:\/\/elektrozine.be\/wp-content\/uploads\/2015\/06\/Bose_SoundLink_Mini_speaker_II.jpg\",\"datePublished\":\"2015-06-23T06:00:00+00:00\",\"dateModified\":\"2016-01-13T14:26:43+00:00\",\"author\":{\"@id\":\"https:\/\/elektrozine.be\/#\/schema\/person\/6a83f38215714b172da4fa9b6fa7f6da\"},\"breadcrumb\":{\"@id\":\"https:\/\/elektrozine.be\/fr\/bose-modernise-le-soundlink-mini\/#breadcrumb\"},\"inLanguage\":\"fr-fr\",\"potentialAction\":[{\"@type\":\"ReadAction\",\"target\":[\"https:\/\/elektrozine.be\/fr\/bose-modernise-le-soundlink-mini\/\"]}]},{\"@type\":\"ImageObject\",\"inLanguage\":\"fr-fr\",\"@id\":\"https:\/\/elektrozine.be\/fr\/bose-modernise-le-soundlink-mini\/#primaryimage\",\"url\":\"https:\/\/elektrozine.be\/wp-content\/uploads\/2015\/06\/Bose_SoundLink_Mini_speaker_II.jpg\",\"contentUrl\":\"https:\/\/elektrozine.be\/wp-content\/uploads\/2015\/06\/Bose_SoundLink_Mini_speaker_II.jpg\",\"width\":1334,\"height\":1000},{\"@type\":\"BreadcrumbList\",\"@id\":\"https:\/\/elektrozine.be\/fr\/bose-modernise-le-soundlink-mini\/#breadcrumb\",\"itemListElement\":[{\"@type\":\"ListItem\",\"position\":1,\"name\":\"Home\",\"item\":\"https:\/\/elektrozine.be\/fr\/\"},{\"@type\":\"ListItem\",\"position\":2,\"name\":\"Bose modernise le SoundLink Mini\"}]},{\"@type\":\"WebSite\",\"@id\":\"https:\/\/elektrozine.be\/#website\",\"url\":\"https:\/\/elektrozine.be\/\",\"name\":\"elektrozine.be\",\"description\":\"All the stuff you need\",\"potentialAction\":[{\"@type\":\"SearchAction\",\"target\":{\"@type\":\"EntryPoint\",\"urlTemplate\":\"https:\/\/elektrozine.be\/?s={search_term_string}\"},\"query-input\":{\"@type\":\"PropertyValueSpecification\",\"valueRequired\":true,\"valueName\":\"search_term_string\"}}],\"inLanguage\":\"fr-fr\"},{\"@type\":\"Person\",\"@id\":\"https:\/\/elektrozine.be\/#\/schema\/person\/6a83f38215714b172da4fa9b6fa7f6da\",\"name\":\"Gauthier\",\"image\":{\"@type\":\"ImageObject\",\"inLanguage\":\"fr-fr\",\"@id\":\"https:\/\/elektrozine.be\/#\/schema\/person\/image\/\",\"url\":\"https:\/\/secure.gravatar.com\/avatar\/62cb19483b8f854b22498a584d89a8a9d7c3ce5fcc6764557e88630bdd22249e?s=96&d=mm&r=g\",\"contentUrl\":\"https:\/\/secure.gravatar.com\/avatar\/62cb19483b8f854b22498a584d89a8a9d7c3ce5fcc6764557e88630bdd22249e?s=96&d=mm&r=g\",\"caption\":\"Gauthier\"},\"url\":\"https:\/\/elektrozine.be\/fr\/author\/gauthier\/\"}]}<\/script>\n<!-- \/ Yoast SEO plugin. -->","yoast_head_json":{"title":"Bose modernise le SoundLink Mini","robots":{"index":"index","follow":"follow","max-snippet":"max-snippet:-1","max-image-preview":"max-image-preview:large","max-video-preview":"max-video-preview:-1"},"canonical":"https:\/\/elektrozine.be\/fr\/bose-modernise-le-soundlink-mini\/","og_locale":"fr_FR","og_type":"article","og_title":"Bose modernise le SoundLink Mini","og_description":"Le SoundLink Mini II, que vous pouvez \u00e9galement utiliser comme haut-parleur de t\u00e9l\u00e9phone, pr\u00e9sente une meilleure batterie et vous propose un mode multi-connect. Avec le SoundLink Mini, Bose a su convaincre au niveau de la qualit\u00e9 sonore et du design. Cet appareil est incroyablement petit et compact, tout en offrant une incroyable reproduction des basses [&hellip;]","og_url":"https:\/\/elektrozine.be\/fr\/bose-modernise-le-soundlink-mini\/","og_site_name":"elektrozine.be","article_publisher":"https:\/\/www.facebook.com\/elektrozine\/","article_published_time":"2015-06-23T06:00:00+00:00","article_modified_time":"2016-01-13T14:26:43+00:00","og_image":[{"width":1334,"height":1000,"url":"https:\/\/elektrozine.be\/wp-content\/uploads\/2015\/06\/Bose_SoundLink_Mini_speaker_II.jpg","type":"image\/jpeg"}],"author":"Gauthier","twitter_card":"summary_large_image","twitter_creator":"@elektrozine","twitter_site":"@elektrozine","twitter_misc":{"Written by":"Gauthier","Est. reading time":"1 minute"},"schema":{"@context":"https:\/\/schema.org","@graph":[{"@type":"WebPage","@id":"https:\/\/elektrozine.be\/fr\/bose-modernise-le-soundlink-mini\/","url":"https:\/\/elektrozine.be\/fr\/bose-modernise-le-soundlink-mini\/","name":"Bose modernise le SoundLink Mini","isPartOf":{"@id":"https:\/\/elektrozine.be\/#website"},"primaryImageOfPage":{"@id":"https:\/\/elektrozine.be\/fr\/bose-modernise-le-soundlink-mini\/#primaryimage"},"image":{"@id":"https:\/\/elektrozine.be\/fr\/bose-modernise-le-soundlink-mini\/#primaryimage"},"thumbnailUrl":"https:\/\/elektrozine.be\/wp-content\/uploads\/2015\/06\/Bose_SoundLink_Mini_speaker_II.jpg","datePublished":"2015-06-23T06:00:00+00:00","dateModified":"2016-01-13T14:26:43+00:00","author":{"@id":"https:\/\/elektrozine.be\/#\/schema\/person\/6a83f38215714b172da4fa9b6fa7f6da"},"breadcrumb":{"@id":"https:\/\/elektrozine.be\/fr\/bose-modernise-le-soundlink-mini\/#breadcrumb"},"inLanguage":"fr-fr","potentialAction":[{"@type":"ReadAction","target":["https:\/\/elektrozine.be\/fr\/bose-modernise-le-soundlink-mini\/"]}]},{"@type":"ImageObject","inLanguage":"fr-fr","@id":"https:\/\/elektrozine.be\/fr\/bose-modernise-le-soundlink-mini\/#primaryimage","url":"https:\/\/elektrozine.be\/wp-content\/uploads\/2015\/06\/Bose_SoundLink_Mini_speaker_II.jpg","contentUrl":"https:\/\/elektrozine.be\/wp-content\/uploads\/2015\/06\/Bose_SoundLink_Mini_speaker_II.jpg","width":1334,"height":1000},{"@type":"BreadcrumbList","@id":"https:\/\/elektrozine.be\/fr\/bose-modernise-le-soundlink-mini\/#breadcrumb","itemListElement":[{"@type":"ListItem","position":1,"name":"Home","item":"https:\/\/elektrozine.be\/fr\/"},{"@type":"ListItem","position":2,"name":"Bose modernise le SoundLink Mini"}]},{"@type":"WebSite","@id":"https:\/\/elektrozine.be\/#website","url":"https:\/\/elektrozine.be\/","name":"elektrozine.be","description":"All the stuff you need","potentialAction":[{"@type":"SearchAction","target":{"@type":"EntryPoint","urlTemplate":"https:\/\/elektrozine.be\/?s={search_term_string}"},"query-input":{"@type":"PropertyValueSpecification","valueRequired":true,"valueName":"search_term_string"}}],"inLanguage":"fr-fr"},{"@type":"Person","@id":"https:\/\/elektrozine.be\/#\/schema\/person\/6a83f38215714b172da4fa9b6fa7f6da","name":"Gauthier","image":{"@type":"ImageObject","inLanguage":"fr-fr","@id":"https:\/\/elektrozine.be\/#\/schema\/person\/image\/","url":"https:\/\/secure.gravatar.com\/avatar\/62cb19483b8f854b22498a584d89a8a9d7c3ce5fcc6764557e88630bdd22249e?s=96&d=mm&r=g","contentUrl":"https:\/\/secure.gravatar.com\/avatar\/62cb19483b8f854b22498a584d89a8a9d7c3ce5fcc6764557e88630bdd22249e?s=96&d=mm&r=g","caption":"Gauthier"},"url":"https:\/\/elektrozine.be\/fr\/author\/gauthier\/"}]}},"amp_enabled":true,"_links":{"self":[{"href":"https:\/\/elektrozine.be\/fr\/wp-json\/wp\/v2\/posts\/7015\/"}],"collection":[{"href":"https:\/\/elektrozine.be\/fr\/wp-json\/wp\/v2\/posts\/"}],"about":[{"href":"https:\/\/elektrozine.be\/fr\/wp-json\/wp\/v2\/types\/post\/"}],"author":[{"embeddable":true,"href":"https:\/\/elektrozine.be\/fr\/wp-json\/wp\/v2\/users\/5\/"}],"replies":[{"embeddable":true,"href":"https:\/\/elektrozine.be\/fr\/wp-json\/wp\/v2\/comments\/?post=7015"}],"version-history":[{"count":1,"href":"https:\/\/elektrozine.be\/fr\/wp-json\/wp\/v2\/posts\/7015\/revisions\/"}],"predecessor-version":[{"id":7016,"href":"https:\/\/elektrozine.be\/fr\/wp-json\/wp\/v2\/posts\/7015\/revisions\/7016\/"}],"wp:featuredmedia":[{"embeddable":true,"href":"https:\/\/elektrozine.be\/fr\/wp-json\/wp\/v2\/media\/7017\/"}],"wp:attachment":[{"href":"https:\/\/elektrozine.be\/fr\/wp-json\/wp\/v2\/media\/?parent=7015"}],"wp:term":[{"taxonomy":"category","embeddable":true,"href":"https:\/\/elektrozine.be\/fr\/wp-json\/wp\/v2\/categories\/?post=7015"},{"taxonomy":"post_tag","embeddable":true,"href":"https:\/\/elektrozine.be\/fr\/wp-json\/wp\/v2\/tags\/?post=7015"}],"curies":[{"name":"wp","href":"https:\/\/api.w.org\/{rel}","templated":true}]}}