{"id":6906,"date":"2015-08-17T07:00:00","date_gmt":"2015-08-17T06:00:00","guid":{"rendered":"http:\/\/elektrozine.be\/?p=6906&#038;lang=fr"},"modified":"2016-01-12T13:22:42","modified_gmt":"2016-01-12T12:22:42","slug":"samsung-lance-le-galaxy-s6-edge","status":"publish","type":"post","link":"https:\/\/elektrozine.be\/fr\/samsung-lance-le-galaxy-s6-edge\/","title":{"rendered":"Samsung lance le Galaxy S6 edge+"},"content":{"rendered":"<p>C&#8217;est lors d&#8217;un Unpacked Event que Samsung a d\u00e9voil\u00e9 le dernier appareil de la collection de smartphones Galaxy. Le S6 edge+ pr\u00e9sente le m\u00eame \u00e9cran incurv\u00e9 que le mod\u00e8le S6 edge, mais est un peu plus grand (5,7 pouces).<\/p>\n<p>Samsung a su s&#8217;imposer avec le Galaxy S6 edge, car l&#8217;\u00e9cran incurv\u00e9 est un v\u00e9ritable plaisir pour les yeux.<\/p>\n<p>Tout comme Apple a ses iPhone 6 et 6 Plus, Samsung dispose aussi d&#8217;un grand fr\u00e8re pour son mod\u00e8le de pointe. Le Galaxy S6 edge+ pr\u00e9sente un \u00e9cran de 5,7 pouces, contre 5,1 pouces pour le S6 edge \u00ab traditionnel \u00bb. Il s&#8217;agit \u00e9videmment d&#8217;un \u00e9cran Quad HD Super AMOLED.<\/p>\n<h2>Fonctions vid\u00e9o approfondies<\/h2>\n<p>Avec le S6 edge+, Samsung mise plus que jamais sur les r\u00e9seaux sociaux, et surtout sur le partage de vid\u00e9os. Cet appareil est \u00e9quip\u00e9 de Steady Video, un syst\u00e8me de stabilisation d&#8217;image num\u00e9rique qui est aussi bien actif sur l&#8217;appareil-photo avant qu&#8217;arri\u00e8re. Avec le mode Video Collage, vous pouvez facilement enregistrer de courtes vid\u00e9os et les coller ensemble (un peu comme avec Vine), mais aussi y ajouter des effets et des cadres.<\/p>\n<p>Le S6 edge+ est en outre \u00e9quip\u00e9 du 4K Video Filming et de Live Broadcast, qui permet le streaming direct de vid\u00e9os Full HD vers un autre appareil ou leur t\u00e9l\u00e9chargement sur YouTube Live.<\/p>\n<h2>Recharger sans fil<\/h2>\n<p>Tout comme son petit fr\u00e8re et outre le mode de chargement traditionnel, le S6 edge+ peut \u00eatre recharg\u00e9 sans fil. Sans fil, le chargement complet prend environ 120 minutes, tandis qu&#8217;avec c\u00e2ble, il faudra 90 minutes.<\/p>\n<h2>Appareil-photo et autres fonctions<\/h2>\n<p>Vous pouvez \u00e9videmment vous attendre \u00e0 retrouver un appareil-photo de pointe sur le S6 edge+, avec un syst\u00e8me comparable \u00e0 celui du S6 edge. L&#8217;appareil-photo est \u00e9quip\u00e9 du Quick Launch, de l&#8217;Auto Real-time High Dynamic Range, de la Smart Optical Image Stabilization et de tout nouveaux filtres.<\/p>\n<p>La KNOX Active Protection et Samsung Pay sont aussi propos\u00e9s de s\u00e9rie sur cet appareil.<\/p>\n<h2>Prix et disponibilit\u00e9<\/h2>\n<p>Le Galaxy S6 edge+ est disponible \u00e0 partir du 4 septembre 2015 avec des capacit\u00e9s de stockage de 32, 64 ou 128 GB, dans les couleurs Gold Platinum et Black Sapphire. Les prix recommand\u00e9s s&#8217;\u00e9l\u00e8vent respectivement \u00e0 799 euros, 899,99 euros et 999,99 euros.<\/p>\n<h2>D\u00e9couvrez Galaxy S6 edge+-lijn<\/h2>\n\r\n                <div id='position_image_loading_byid_845042506' style='text-align: center;padding: 20px;'><img src='https:\/\/elektrozine.be\/wp-content\/themes\/Newspaper\/images\/ajax-loader.gif' \/><\/div>\r\n                <div id='position_display_data_byid_845042506'><div style='text-align:center;padding:15px;border:1px solid #ccc;display:none'>Klik <a style='cursor: pointer'>hier<\/a> om producten in te laden<\/div><\/div>\r\n                <script>        \r\n                jQuery(document).ready(function(){  \r\n                    jQuery('#position_display_data_byid_845042506').find('a').click(function(){callReload({\"action\":\"load_getproducts_by_id\",\"id\":\"181896,181898,181900,181897,181899\",\"title\":\"\",\"description\":\"\",\"order\":\"\",\"view\":\"\",\"divid\":845042506}, 'position_display_data_byid_845042506','position_image_loading_byid_845042506');})       \r\n                    callReload({\"action\":\"load_getproducts_by_id\",\"id\":\"181896,181898,181900,181897,181899\",\"title\":\"\",\"description\":\"\",\"order\":\"\",\"view\":\"\",\"divid\":845042506}, 'position_display_data_byid_845042506','position_image_loading_byid_845042506');\r\n                });\r\n            <\/script>\r\n            \n","protected":false},"excerpt":{"rendered":"<p>C&#8217;est lors d&#8217;un Unpacked Event que Samsung a d\u00e9voil\u00e9 le dernier appareil de la collection de smartphones Galaxy. Le S6 edge+ pr\u00e9sente le m\u00eame \u00e9cran incurv\u00e9 que le mod\u00e8le S6 edge, mais est un peu plus grand (5,7 pouces). Samsung a su s&#8217;imposer avec le Galaxy S6 edge, car l&#8217;\u00e9cran incurv\u00e9 est un v\u00e9ritable plaisir [&hellip;]<\/p>\n","protected":false},"author":5,"featured_media":6908,"comment_status":"open","ping_status":"open","sticky":false,"template":"","format":"standard","meta":{"tdm_status":"","tdm_grid_status":"","footnotes":""},"categories":[1169],"tags":[],"class_list":{"0":"post-6906","1":"post","2":"type-post","3":"status-publish","4":"format-standard","5":"has-post-thumbnail","7":"category-smartphone-fr"},"yoast_head":"<!-- This site is optimized with the Yoast SEO plugin v26.2 - https:\/\/yoast.com\/wordpress\/plugins\/seo\/ -->\n<title>Samsung lance le Galaxy S6 edge+<\/title>\n<meta name=\"robots\" content=\"index, follow, max-snippet:-1, max-image-preview:large, max-video-preview:-1\" \/>\n<link rel=\"canonical\" href=\"https:\/\/elektrozine.be\/fr\/samsung-lance-le-galaxy-s6-edge\/\" \/>\n<meta property=\"og:locale\" content=\"fr_FR\" \/>\n<meta property=\"og:type\" content=\"article\" \/>\n<meta property=\"og:title\" content=\"Samsung lance le Galaxy S6 edge+\" \/>\n<meta property=\"og:description\" content=\"C&#8217;est lors d&#8217;un Unpacked Event que Samsung a d\u00e9voil\u00e9 le dernier appareil de la collection de smartphones Galaxy. Le S6 edge+ pr\u00e9sente le m\u00eame \u00e9cran incurv\u00e9 que le mod\u00e8le S6 edge, mais est un peu plus grand (5,7 pouces). Samsung a su s&#8217;imposer avec le Galaxy S6 edge, car l&#8217;\u00e9cran incurv\u00e9 est un v\u00e9ritable plaisir [&hellip;]\" \/>\n<meta property=\"og:url\" content=\"https:\/\/elektrozine.be\/fr\/samsung-lance-le-galaxy-s6-edge\/\" \/>\n<meta property=\"og:site_name\" content=\"elektrozine.be\" \/>\n<meta property=\"article:publisher\" content=\"https:\/\/www.facebook.com\/elektrozine\/\" \/>\n<meta property=\"article:published_time\" content=\"2015-08-17T06:00:00+00:00\" \/>\n<meta property=\"article:modified_time\" content=\"2016-01-12T12:22:42+00:00\" \/>\n<meta property=\"og:image\" content=\"https:\/\/elektrozine.be\/wp-content\/uploads\/2015\/08\/samsung-galaxy-s6-edge-.jpg\" \/>\n\t<meta property=\"og:image:width\" content=\"1378\" \/>\n\t<meta property=\"og:image:height\" content=\"1034\" \/>\n\t<meta property=\"og:image:type\" content=\"image\/jpeg\" \/>\n<meta name=\"author\" content=\"Gauthier\" \/>\n<meta name=\"twitter:card\" content=\"summary_large_image\" \/>\n<meta name=\"twitter:creator\" content=\"@elektrozine\" \/>\n<meta name=\"twitter:site\" content=\"@elektrozine\" \/>\n<meta name=\"twitter:label1\" content=\"Written by\" \/>\n\t<meta name=\"twitter:data1\" content=\"Gauthier\" \/>\n\t<meta name=\"twitter:label2\" content=\"Est. reading time\" \/>\n\t<meta name=\"twitter:data2\" content=\"2 minutes\" \/>\n<script type=\"application\/ld+json\" class=\"yoast-schema-graph\">{\"@context\":\"https:\/\/schema.org\",\"@graph\":[{\"@type\":\"WebPage\",\"@id\":\"https:\/\/elektrozine.be\/fr\/samsung-lance-le-galaxy-s6-edge\/\",\"url\":\"https:\/\/elektrozine.be\/fr\/samsung-lance-le-galaxy-s6-edge\/\",\"name\":\"Samsung lance le Galaxy S6 edge+\",\"isPartOf\":{\"@id\":\"https:\/\/elektrozine.be\/#website\"},\"primaryImageOfPage\":{\"@id\":\"https:\/\/elektrozine.be\/fr\/samsung-lance-le-galaxy-s6-edge\/#primaryimage\"},\"image\":{\"@id\":\"https:\/\/elektrozine.be\/fr\/samsung-lance-le-galaxy-s6-edge\/#primaryimage\"},\"thumbnailUrl\":\"https:\/\/elektrozine.be\/wp-content\/uploads\/2015\/08\/samsung-galaxy-s6-edge-.jpg\",\"datePublished\":\"2015-08-17T06:00:00+00:00\",\"dateModified\":\"2016-01-12T12:22:42+00:00\",\"author\":{\"@id\":\"https:\/\/elektrozine.be\/#\/schema\/person\/6a83f38215714b172da4fa9b6fa7f6da\"},\"breadcrumb\":{\"@id\":\"https:\/\/elektrozine.be\/fr\/samsung-lance-le-galaxy-s6-edge\/#breadcrumb\"},\"inLanguage\":\"fr-fr\",\"potentialAction\":[{\"@type\":\"ReadAction\",\"target\":[\"https:\/\/elektrozine.be\/fr\/samsung-lance-le-galaxy-s6-edge\/\"]}]},{\"@type\":\"ImageObject\",\"inLanguage\":\"fr-fr\",\"@id\":\"https:\/\/elektrozine.be\/fr\/samsung-lance-le-galaxy-s6-edge\/#primaryimage\",\"url\":\"https:\/\/elektrozine.be\/wp-content\/uploads\/2015\/08\/samsung-galaxy-s6-edge-.jpg\",\"contentUrl\":\"https:\/\/elektrozine.be\/wp-content\/uploads\/2015\/08\/samsung-galaxy-s6-edge-.jpg\",\"width\":1378,\"height\":1034},{\"@type\":\"BreadcrumbList\",\"@id\":\"https:\/\/elektrozine.be\/fr\/samsung-lance-le-galaxy-s6-edge\/#breadcrumb\",\"itemListElement\":[{\"@type\":\"ListItem\",\"position\":1,\"name\":\"Home\",\"item\":\"https:\/\/elektrozine.be\/fr\/\"},{\"@type\":\"ListItem\",\"position\":2,\"name\":\"Samsung lance le Galaxy S6 edge+\"}]},{\"@type\":\"WebSite\",\"@id\":\"https:\/\/elektrozine.be\/#website\",\"url\":\"https:\/\/elektrozine.be\/\",\"name\":\"elektrozine.be\",\"description\":\"All the stuff you need\",\"potentialAction\":[{\"@type\":\"SearchAction\",\"target\":{\"@type\":\"EntryPoint\",\"urlTemplate\":\"https:\/\/elektrozine.be\/?s={search_term_string}\"},\"query-input\":{\"@type\":\"PropertyValueSpecification\",\"valueRequired\":true,\"valueName\":\"search_term_string\"}}],\"inLanguage\":\"fr-fr\"},{\"@type\":\"Person\",\"@id\":\"https:\/\/elektrozine.be\/#\/schema\/person\/6a83f38215714b172da4fa9b6fa7f6da\",\"name\":\"Gauthier\",\"image\":{\"@type\":\"ImageObject\",\"inLanguage\":\"fr-fr\",\"@id\":\"https:\/\/elektrozine.be\/#\/schema\/person\/image\/\",\"url\":\"https:\/\/secure.gravatar.com\/avatar\/62cb19483b8f854b22498a584d89a8a9d7c3ce5fcc6764557e88630bdd22249e?s=96&d=mm&r=g\",\"contentUrl\":\"https:\/\/secure.gravatar.com\/avatar\/62cb19483b8f854b22498a584d89a8a9d7c3ce5fcc6764557e88630bdd22249e?s=96&d=mm&r=g\",\"caption\":\"Gauthier\"},\"url\":\"https:\/\/elektrozine.be\/fr\/author\/gauthier\/\"}]}<\/script>\n<!-- \/ Yoast SEO plugin. -->","yoast_head_json":{"title":"Samsung lance le Galaxy S6 edge+","robots":{"index":"index","follow":"follow","max-snippet":"max-snippet:-1","max-image-preview":"max-image-preview:large","max-video-preview":"max-video-preview:-1"},"canonical":"https:\/\/elektrozine.be\/fr\/samsung-lance-le-galaxy-s6-edge\/","og_locale":"fr_FR","og_type":"article","og_title":"Samsung lance le Galaxy S6 edge+","og_description":"C&#8217;est lors d&#8217;un Unpacked Event que Samsung a d\u00e9voil\u00e9 le dernier appareil de la collection de smartphones Galaxy. Le S6 edge+ pr\u00e9sente le m\u00eame \u00e9cran incurv\u00e9 que le mod\u00e8le S6 edge, mais est un peu plus grand (5,7 pouces). Samsung a su s&#8217;imposer avec le Galaxy S6 edge, car l&#8217;\u00e9cran incurv\u00e9 est un v\u00e9ritable plaisir [&hellip;]","og_url":"https:\/\/elektrozine.be\/fr\/samsung-lance-le-galaxy-s6-edge\/","og_site_name":"elektrozine.be","article_publisher":"https:\/\/www.facebook.com\/elektrozine\/","article_published_time":"2015-08-17T06:00:00+00:00","article_modified_time":"2016-01-12T12:22:42+00:00","og_image":[{"width":1378,"height":1034,"url":"https:\/\/elektrozine.be\/wp-content\/uploads\/2015\/08\/samsung-galaxy-s6-edge-.jpg","type":"image\/jpeg"}],"author":"Gauthier","twitter_card":"summary_large_image","twitter_creator":"@elektrozine","twitter_site":"@elektrozine","twitter_misc":{"Written by":"Gauthier","Est. reading time":"2 minutes"},"schema":{"@context":"https:\/\/schema.org","@graph":[{"@type":"WebPage","@id":"https:\/\/elektrozine.be\/fr\/samsung-lance-le-galaxy-s6-edge\/","url":"https:\/\/elektrozine.be\/fr\/samsung-lance-le-galaxy-s6-edge\/","name":"Samsung lance le Galaxy S6 edge+","isPartOf":{"@id":"https:\/\/elektrozine.be\/#website"},"primaryImageOfPage":{"@id":"https:\/\/elektrozine.be\/fr\/samsung-lance-le-galaxy-s6-edge\/#primaryimage"},"image":{"@id":"https:\/\/elektrozine.be\/fr\/samsung-lance-le-galaxy-s6-edge\/#primaryimage"},"thumbnailUrl":"https:\/\/elektrozine.be\/wp-content\/uploads\/2015\/08\/samsung-galaxy-s6-edge-.jpg","datePublished":"2015-08-17T06:00:00+00:00","dateModified":"2016-01-12T12:22:42+00:00","author":{"@id":"https:\/\/elektrozine.be\/#\/schema\/person\/6a83f38215714b172da4fa9b6fa7f6da"},"breadcrumb":{"@id":"https:\/\/elektrozine.be\/fr\/samsung-lance-le-galaxy-s6-edge\/#breadcrumb"},"inLanguage":"fr-fr","potentialAction":[{"@type":"ReadAction","target":["https:\/\/elektrozine.be\/fr\/samsung-lance-le-galaxy-s6-edge\/"]}]},{"@type":"ImageObject","inLanguage":"fr-fr","@id":"https:\/\/elektrozine.be\/fr\/samsung-lance-le-galaxy-s6-edge\/#primaryimage","url":"https:\/\/elektrozine.be\/wp-content\/uploads\/2015\/08\/samsung-galaxy-s6-edge-.jpg","contentUrl":"https:\/\/elektrozine.be\/wp-content\/uploads\/2015\/08\/samsung-galaxy-s6-edge-.jpg","width":1378,"height":1034},{"@type":"BreadcrumbList","@id":"https:\/\/elektrozine.be\/fr\/samsung-lance-le-galaxy-s6-edge\/#breadcrumb","itemListElement":[{"@type":"ListItem","position":1,"name":"Home","item":"https:\/\/elektrozine.be\/fr\/"},{"@type":"ListItem","position":2,"name":"Samsung lance le Galaxy S6 edge+"}]},{"@type":"WebSite","@id":"https:\/\/elektrozine.be\/#website","url":"https:\/\/elektrozine.be\/","name":"elektrozine.be","description":"All the stuff you need","potentialAction":[{"@type":"SearchAction","target":{"@type":"EntryPoint","urlTemplate":"https:\/\/elektrozine.be\/?s={search_term_string}"},"query-input":{"@type":"PropertyValueSpecification","valueRequired":true,"valueName":"search_term_string"}}],"inLanguage":"fr-fr"},{"@type":"Person","@id":"https:\/\/elektrozine.be\/#\/schema\/person\/6a83f38215714b172da4fa9b6fa7f6da","name":"Gauthier","image":{"@type":"ImageObject","inLanguage":"fr-fr","@id":"https:\/\/elektrozine.be\/#\/schema\/person\/image\/","url":"https:\/\/secure.gravatar.com\/avatar\/62cb19483b8f854b22498a584d89a8a9d7c3ce5fcc6764557e88630bdd22249e?s=96&d=mm&r=g","contentUrl":"https:\/\/secure.gravatar.com\/avatar\/62cb19483b8f854b22498a584d89a8a9d7c3ce5fcc6764557e88630bdd22249e?s=96&d=mm&r=g","caption":"Gauthier"},"url":"https:\/\/elektrozine.be\/fr\/author\/gauthier\/"}]}},"amp_enabled":true,"_links":{"self":[{"href":"https:\/\/elektrozine.be\/fr\/wp-json\/wp\/v2\/posts\/6906\/"}],"collection":[{"href":"https:\/\/elektrozine.be\/fr\/wp-json\/wp\/v2\/posts\/"}],"about":[{"href":"https:\/\/elektrozine.be\/fr\/wp-json\/wp\/v2\/types\/post\/"}],"author":[{"embeddable":true,"href":"https:\/\/elektrozine.be\/fr\/wp-json\/wp\/v2\/users\/5\/"}],"replies":[{"embeddable":true,"href":"https:\/\/elektrozine.be\/fr\/wp-json\/wp\/v2\/comments\/?post=6906"}],"version-history":[{"count":1,"href":"https:\/\/elektrozine.be\/fr\/wp-json\/wp\/v2\/posts\/6906\/revisions\/"}],"predecessor-version":[{"id":6907,"href":"https:\/\/elektrozine.be\/fr\/wp-json\/wp\/v2\/posts\/6906\/revisions\/6907\/"}],"wp:featuredmedia":[{"embeddable":true,"href":"https:\/\/elektrozine.be\/fr\/wp-json\/wp\/v2\/media\/6908\/"}],"wp:attachment":[{"href":"https:\/\/elektrozine.be\/fr\/wp-json\/wp\/v2\/media\/?parent=6906"}],"wp:term":[{"taxonomy":"category","embeddable":true,"href":"https:\/\/elektrozine.be\/fr\/wp-json\/wp\/v2\/categories\/?post=6906"},{"taxonomy":"post_tag","embeddable":true,"href":"https:\/\/elektrozine.be\/fr\/wp-json\/wp\/v2\/tags\/?post=6906"}],"curies":[{"name":"wp","href":"https:\/\/api.w.org\/{rel}","templated":true}]}}