{"id":6858,"date":"2015-09-10T14:01:39","date_gmt":"2015-09-10T13:01:39","guid":{"rendered":"http:\/\/elektrozine.be\/?p=6858&#038;lang=fr"},"modified":"2016-01-12T11:39:13","modified_gmt":"2016-01-12T10:39:13","slug":"apple-entend-seduire-les-professionnels-avec-son-ipad-pro","status":"publish","type":"post","link":"https:\/\/elektrozine.be\/fr\/apple-entend-seduire-les-professionnels-avec-son-ipad-pro\/","title":{"rendered":"Apple entend s\u00e9duire les professionnels avec son iPad Pro"},"content":{"rendered":"<p>Lors de sa keynote annuelle, Apple a pr\u00e9sent\u00e9 son premier iPad professionnel. L&#8217;iPad Pro est \u00e9quip\u00e9 d&#8217;une puce A9X et d&#8217;un \u00e9cran de 12,9 pouces.<\/p>\n<p>L\u00e0 o\u00f9 l&#8217;iPad &#8211; ainsi que d&#8217;autres tablettes &#8211; est g\u00e9n\u00e9ralement consid\u00e9r\u00e9 comme un appareil de divertissement, Apple nous propose avec son iPad Pro d&#8217;Apple une version plus puissante et plus grande de sa c\u00e9l\u00e8bre tablette. L&#8217;iPad Pro embarque un \u00e9cran Retina de 12,9 pouces, ce qui est l\u00e9g\u00e8rement plus grand que les 9,7 pouces auquel nous a habitu\u00e9s l&#8217;iPad. Un plus grand \u00e9cran signifie aussi plus d&#8217;espace pour travailler, et Apple compte \u00e9videmment en profiter.<\/p>\n<p>Qui dit productivit\u00e9 \u00e9lev\u00e9e, dit \u00e9videmment processeur puissant, la d\u00e9finition m\u00eame de l&#8217;A9X. Cette puce 64 bits de 3\u00e8me g\u00e9n\u00e9ration entend offrir les m\u00eames prestations qu&#8217;un ordinateur de bureau, voire mieux encore. La puce est 1,8 fois plus rapide que l&#8217;A8X que l&#8217;on retrouve dans l&#8217;iPad Air 2.<\/p>\n<p>En terme d&#8217;autonomie, Apple entend aussi veiller \u00e0 votre productivit\u00e9, avec une dur\u00e9e de batterie de 10 heures. G\u00e9n\u00e9ralement, un appareil productif est l\u00e9g\u00e8rement plus lourd qu&#8217;un appareil destin\u00e9 au divertissement, et il en va de m\u00eame ici, m\u00eame si les diff\u00e9rences sont insignifiantes : l&#8217;iPad Pro a une \u00e9paisseur de 6,9 mm (0,8 mm plus \u00e9pais que l&#8217;iPad Air 2) et p\u00e8se 712 grammes (contre les 700 grammes \u00e0 peine de l&#8217;Air 2).<\/p>\n<p>Apple propose \u00e9galement quelques accessoires pour l&#8217;iPad Pro : un clavier physique (un peu comme la Microsoft Surface) qui se r\u00e9v\u00e8le id\u00e9al pour celui ou celle qui doit taper de longues lignes de texte, et un stylet, l&#8217;Apple Pencil, vous permettant de prendre des notes, de dessiner ou d&#8217;effectuer d&#8217;autres t\u00e2ches graphiques. Deux accessoires logiques donc.<\/p>\n<p>L&#8217;iPad Pro sera commercialis\u00e9 aux \u00c9tats-Unis au mois de novembre au prix de 799 dollars (32 GB WiFi), 949 dollars (128 GB, WiFi) et 1079 dollars (128 GB, 4G). L&#8217;Apple Pencil co\u00fbtera 99 dollars, le Smart Keyboard, 169 dollars.<\/p>\n<h2>D\u00e9couvrez\u00a0d&#8217;autres tablettes d&#8217;Apple<\/h2>\n\r\n                <div id='position_image_loading_by_brand_369318781' style='text-align: center;padding: 20px;'><img  src='https:\/\/elektrozine.be\/wp-content\/themes\/Newspaper\/images\/ajax-loader.gif' \/><\/div>\r\n                <div id='position_display_data_by_brand_369318781'><div style='text-align:center;padding:15px;border:1px solid #ccc;display:none'>Klik <a style='cursor: pointer'>hier<\/a> om producten in te laden<\/div><\/div>\r\n                <script>        \r\n                jQuery(document).ready(function(){  \r\n                    jQuery('#position_display_data_by_brand_369318781').find('a').click(function(){callReload({\"action\":\"load_getproducts_by_brand\",\"brand_id\":\"2750\",\"category\":\"540\",\"count\":\"100\",\"title\":\"\",\"description\":\"0\",\"order\":\"random\",\"view\":\"\",\"divid\":369318781}, 'position_display_data_by_brand_369318781','position_image_loading_by_brand_369318781');})       \r\n                    callReload({\"action\":\"load_getproducts_by_brand\",\"brand_id\":\"2750\",\"category\":\"540\",\"count\":\"100\",\"title\":\"\",\"description\":\"0\",\"order\":\"random\",\"view\":\"\",\"divid\":369318781}, 'position_display_data_by_brand_369318781','position_image_loading_by_brand_369318781');\r\n                });\r\n            <\/script>\r\n            \n","protected":false},"excerpt":{"rendered":"<p>Lors de sa keynote annuelle, Apple a pr\u00e9sent\u00e9 son premier iPad professionnel. L&#8217;iPad Pro est \u00e9quip\u00e9 d&#8217;une puce A9X et d&#8217;un \u00e9cran de 12,9 pouces. L\u00e0 o\u00f9 l&#8217;iPad &#8211; ainsi que d&#8217;autres tablettes &#8211; est g\u00e9n\u00e9ralement consid\u00e9r\u00e9 comme un appareil de divertissement, Apple nous propose avec son iPad Pro d&#8217;Apple une version plus puissante et [&hellip;]<\/p>\n","protected":false},"author":5,"featured_media":6860,"comment_status":"open","ping_status":"open","sticky":false,"template":"","format":"standard","meta":{"tdm_status":"","tdm_grid_status":"","footnotes":""},"categories":[1166],"tags":[],"class_list":{"0":"post-6858","1":"post","2":"type-post","3":"status-publish","4":"format-standard","5":"has-post-thumbnail","7":"category-tablette"},"yoast_head":"<!-- This site is optimized with the Yoast SEO plugin v26.2 - https:\/\/yoast.com\/wordpress\/plugins\/seo\/ -->\n<title>Apple entend s\u00e9duire les professionnels avec son iPad Pro<\/title>\n<meta name=\"robots\" content=\"index, follow, max-snippet:-1, max-image-preview:large, max-video-preview:-1\" \/>\n<link rel=\"canonical\" href=\"https:\/\/elektrozine.be\/fr\/apple-entend-seduire-les-professionnels-avec-son-ipad-pro\/\" \/>\n<meta property=\"og:locale\" content=\"fr_FR\" \/>\n<meta property=\"og:type\" content=\"article\" \/>\n<meta property=\"og:title\" content=\"Apple entend s\u00e9duire les professionnels avec son iPad Pro\" \/>\n<meta property=\"og:description\" content=\"Lors de sa keynote annuelle, Apple a pr\u00e9sent\u00e9 son premier iPad professionnel. L&#8217;iPad Pro est \u00e9quip\u00e9 d&#8217;une puce A9X et d&#8217;un \u00e9cran de 12,9 pouces. L\u00e0 o\u00f9 l&#8217;iPad &#8211; ainsi que d&#8217;autres tablettes &#8211; est g\u00e9n\u00e9ralement consid\u00e9r\u00e9 comme un appareil de divertissement, Apple nous propose avec son iPad Pro d&#8217;Apple une version plus puissante et [&hellip;]\" \/>\n<meta property=\"og:url\" content=\"https:\/\/elektrozine.be\/fr\/apple-entend-seduire-les-professionnels-avec-son-ipad-pro\/\" \/>\n<meta property=\"og:site_name\" content=\"elektrozine.be\" \/>\n<meta property=\"article:publisher\" content=\"https:\/\/www.facebook.com\/elektrozine\/\" \/>\n<meta property=\"article:published_time\" content=\"2015-09-10T13:01:39+00:00\" \/>\n<meta property=\"article:modified_time\" content=\"2016-01-12T10:39:13+00:00\" \/>\n<meta property=\"og:image\" content=\"https:\/\/elektrozine.be\/wp-content\/uploads\/2015\/09\/ipad-pro.jpg\" \/>\n\t<meta property=\"og:image:width\" content=\"1306\" \/>\n\t<meta property=\"og:image:height\" content=\"979\" \/>\n\t<meta property=\"og:image:type\" content=\"image\/jpeg\" \/>\n<meta name=\"author\" content=\"Gauthier\" \/>\n<meta name=\"twitter:card\" content=\"summary_large_image\" \/>\n<meta name=\"twitter:creator\" content=\"@elektrozine\" \/>\n<meta name=\"twitter:site\" content=\"@elektrozine\" \/>\n<meta name=\"twitter:label1\" content=\"Written by\" \/>\n\t<meta name=\"twitter:data1\" content=\"Gauthier\" \/>\n\t<meta name=\"twitter:label2\" content=\"Est. reading time\" \/>\n\t<meta name=\"twitter:data2\" content=\"2 minutes\" \/>\n<script type=\"application\/ld+json\" class=\"yoast-schema-graph\">{\"@context\":\"https:\/\/schema.org\",\"@graph\":[{\"@type\":\"WebPage\",\"@id\":\"https:\/\/elektrozine.be\/fr\/apple-entend-seduire-les-professionnels-avec-son-ipad-pro\/\",\"url\":\"https:\/\/elektrozine.be\/fr\/apple-entend-seduire-les-professionnels-avec-son-ipad-pro\/\",\"name\":\"Apple entend s\u00e9duire les professionnels avec son iPad Pro\",\"isPartOf\":{\"@id\":\"https:\/\/elektrozine.be\/#website\"},\"primaryImageOfPage\":{\"@id\":\"https:\/\/elektrozine.be\/fr\/apple-entend-seduire-les-professionnels-avec-son-ipad-pro\/#primaryimage\"},\"image\":{\"@id\":\"https:\/\/elektrozine.be\/fr\/apple-entend-seduire-les-professionnels-avec-son-ipad-pro\/#primaryimage\"},\"thumbnailUrl\":\"https:\/\/elektrozine.be\/wp-content\/uploads\/2015\/09\/ipad-pro.jpg\",\"datePublished\":\"2015-09-10T13:01:39+00:00\",\"dateModified\":\"2016-01-12T10:39:13+00:00\",\"author\":{\"@id\":\"https:\/\/elektrozine.be\/#\/schema\/person\/6a83f38215714b172da4fa9b6fa7f6da\"},\"breadcrumb\":{\"@id\":\"https:\/\/elektrozine.be\/fr\/apple-entend-seduire-les-professionnels-avec-son-ipad-pro\/#breadcrumb\"},\"inLanguage\":\"fr-fr\",\"potentialAction\":[{\"@type\":\"ReadAction\",\"target\":[\"https:\/\/elektrozine.be\/fr\/apple-entend-seduire-les-professionnels-avec-son-ipad-pro\/\"]}]},{\"@type\":\"ImageObject\",\"inLanguage\":\"fr-fr\",\"@id\":\"https:\/\/elektrozine.be\/fr\/apple-entend-seduire-les-professionnels-avec-son-ipad-pro\/#primaryimage\",\"url\":\"https:\/\/elektrozine.be\/wp-content\/uploads\/2015\/09\/ipad-pro.jpg\",\"contentUrl\":\"https:\/\/elektrozine.be\/wp-content\/uploads\/2015\/09\/ipad-pro.jpg\",\"width\":1306,\"height\":979},{\"@type\":\"BreadcrumbList\",\"@id\":\"https:\/\/elektrozine.be\/fr\/apple-entend-seduire-les-professionnels-avec-son-ipad-pro\/#breadcrumb\",\"itemListElement\":[{\"@type\":\"ListItem\",\"position\":1,\"name\":\"Home\",\"item\":\"https:\/\/elektrozine.be\/fr\/\"},{\"@type\":\"ListItem\",\"position\":2,\"name\":\"Apple entend s\u00e9duire les professionnels avec son iPad Pro\"}]},{\"@type\":\"WebSite\",\"@id\":\"https:\/\/elektrozine.be\/#website\",\"url\":\"https:\/\/elektrozine.be\/\",\"name\":\"elektrozine.be\",\"description\":\"All the stuff you need\",\"potentialAction\":[{\"@type\":\"SearchAction\",\"target\":{\"@type\":\"EntryPoint\",\"urlTemplate\":\"https:\/\/elektrozine.be\/?s={search_term_string}\"},\"query-input\":{\"@type\":\"PropertyValueSpecification\",\"valueRequired\":true,\"valueName\":\"search_term_string\"}}],\"inLanguage\":\"fr-fr\"},{\"@type\":\"Person\",\"@id\":\"https:\/\/elektrozine.be\/#\/schema\/person\/6a83f38215714b172da4fa9b6fa7f6da\",\"name\":\"Gauthier\",\"image\":{\"@type\":\"ImageObject\",\"inLanguage\":\"fr-fr\",\"@id\":\"https:\/\/elektrozine.be\/#\/schema\/person\/image\/\",\"url\":\"https:\/\/secure.gravatar.com\/avatar\/62cb19483b8f854b22498a584d89a8a9d7c3ce5fcc6764557e88630bdd22249e?s=96&d=mm&r=g\",\"contentUrl\":\"https:\/\/secure.gravatar.com\/avatar\/62cb19483b8f854b22498a584d89a8a9d7c3ce5fcc6764557e88630bdd22249e?s=96&d=mm&r=g\",\"caption\":\"Gauthier\"},\"url\":\"https:\/\/elektrozine.be\/fr\/author\/gauthier\/\"}]}<\/script>\n<!-- \/ Yoast SEO plugin. -->","yoast_head_json":{"title":"Apple entend s\u00e9duire les professionnels avec son iPad Pro","robots":{"index":"index","follow":"follow","max-snippet":"max-snippet:-1","max-image-preview":"max-image-preview:large","max-video-preview":"max-video-preview:-1"},"canonical":"https:\/\/elektrozine.be\/fr\/apple-entend-seduire-les-professionnels-avec-son-ipad-pro\/","og_locale":"fr_FR","og_type":"article","og_title":"Apple entend s\u00e9duire les professionnels avec son iPad Pro","og_description":"Lors de sa keynote annuelle, Apple a pr\u00e9sent\u00e9 son premier iPad professionnel. L&#8217;iPad Pro est \u00e9quip\u00e9 d&#8217;une puce A9X et d&#8217;un \u00e9cran de 12,9 pouces. L\u00e0 o\u00f9 l&#8217;iPad &#8211; ainsi que d&#8217;autres tablettes &#8211; est g\u00e9n\u00e9ralement consid\u00e9r\u00e9 comme un appareil de divertissement, Apple nous propose avec son iPad Pro d&#8217;Apple une version plus puissante et [&hellip;]","og_url":"https:\/\/elektrozine.be\/fr\/apple-entend-seduire-les-professionnels-avec-son-ipad-pro\/","og_site_name":"elektrozine.be","article_publisher":"https:\/\/www.facebook.com\/elektrozine\/","article_published_time":"2015-09-10T13:01:39+00:00","article_modified_time":"2016-01-12T10:39:13+00:00","og_image":[{"width":1306,"height":979,"url":"https:\/\/elektrozine.be\/wp-content\/uploads\/2015\/09\/ipad-pro.jpg","type":"image\/jpeg"}],"author":"Gauthier","twitter_card":"summary_large_image","twitter_creator":"@elektrozine","twitter_site":"@elektrozine","twitter_misc":{"Written by":"Gauthier","Est. reading time":"2 minutes"},"schema":{"@context":"https:\/\/schema.org","@graph":[{"@type":"WebPage","@id":"https:\/\/elektrozine.be\/fr\/apple-entend-seduire-les-professionnels-avec-son-ipad-pro\/","url":"https:\/\/elektrozine.be\/fr\/apple-entend-seduire-les-professionnels-avec-son-ipad-pro\/","name":"Apple entend s\u00e9duire les professionnels avec son iPad Pro","isPartOf":{"@id":"https:\/\/elektrozine.be\/#website"},"primaryImageOfPage":{"@id":"https:\/\/elektrozine.be\/fr\/apple-entend-seduire-les-professionnels-avec-son-ipad-pro\/#primaryimage"},"image":{"@id":"https:\/\/elektrozine.be\/fr\/apple-entend-seduire-les-professionnels-avec-son-ipad-pro\/#primaryimage"},"thumbnailUrl":"https:\/\/elektrozine.be\/wp-content\/uploads\/2015\/09\/ipad-pro.jpg","datePublished":"2015-09-10T13:01:39+00:00","dateModified":"2016-01-12T10:39:13+00:00","author":{"@id":"https:\/\/elektrozine.be\/#\/schema\/person\/6a83f38215714b172da4fa9b6fa7f6da"},"breadcrumb":{"@id":"https:\/\/elektrozine.be\/fr\/apple-entend-seduire-les-professionnels-avec-son-ipad-pro\/#breadcrumb"},"inLanguage":"fr-fr","potentialAction":[{"@type":"ReadAction","target":["https:\/\/elektrozine.be\/fr\/apple-entend-seduire-les-professionnels-avec-son-ipad-pro\/"]}]},{"@type":"ImageObject","inLanguage":"fr-fr","@id":"https:\/\/elektrozine.be\/fr\/apple-entend-seduire-les-professionnels-avec-son-ipad-pro\/#primaryimage","url":"https:\/\/elektrozine.be\/wp-content\/uploads\/2015\/09\/ipad-pro.jpg","contentUrl":"https:\/\/elektrozine.be\/wp-content\/uploads\/2015\/09\/ipad-pro.jpg","width":1306,"height":979},{"@type":"BreadcrumbList","@id":"https:\/\/elektrozine.be\/fr\/apple-entend-seduire-les-professionnels-avec-son-ipad-pro\/#breadcrumb","itemListElement":[{"@type":"ListItem","position":1,"name":"Home","item":"https:\/\/elektrozine.be\/fr\/"},{"@type":"ListItem","position":2,"name":"Apple entend s\u00e9duire les professionnels avec son iPad Pro"}]},{"@type":"WebSite","@id":"https:\/\/elektrozine.be\/#website","url":"https:\/\/elektrozine.be\/","name":"elektrozine.be","description":"All the stuff you need","potentialAction":[{"@type":"SearchAction","target":{"@type":"EntryPoint","urlTemplate":"https:\/\/elektrozine.be\/?s={search_term_string}"},"query-input":{"@type":"PropertyValueSpecification","valueRequired":true,"valueName":"search_term_string"}}],"inLanguage":"fr-fr"},{"@type":"Person","@id":"https:\/\/elektrozine.be\/#\/schema\/person\/6a83f38215714b172da4fa9b6fa7f6da","name":"Gauthier","image":{"@type":"ImageObject","inLanguage":"fr-fr","@id":"https:\/\/elektrozine.be\/#\/schema\/person\/image\/","url":"https:\/\/secure.gravatar.com\/avatar\/62cb19483b8f854b22498a584d89a8a9d7c3ce5fcc6764557e88630bdd22249e?s=96&d=mm&r=g","contentUrl":"https:\/\/secure.gravatar.com\/avatar\/62cb19483b8f854b22498a584d89a8a9d7c3ce5fcc6764557e88630bdd22249e?s=96&d=mm&r=g","caption":"Gauthier"},"url":"https:\/\/elektrozine.be\/fr\/author\/gauthier\/"}]}},"amp_enabled":true,"_links":{"self":[{"href":"https:\/\/elektrozine.be\/fr\/wp-json\/wp\/v2\/posts\/6858\/"}],"collection":[{"href":"https:\/\/elektrozine.be\/fr\/wp-json\/wp\/v2\/posts\/"}],"about":[{"href":"https:\/\/elektrozine.be\/fr\/wp-json\/wp\/v2\/types\/post\/"}],"author":[{"embeddable":true,"href":"https:\/\/elektrozine.be\/fr\/wp-json\/wp\/v2\/users\/5\/"}],"replies":[{"embeddable":true,"href":"https:\/\/elektrozine.be\/fr\/wp-json\/wp\/v2\/comments\/?post=6858"}],"version-history":[{"count":1,"href":"https:\/\/elektrozine.be\/fr\/wp-json\/wp\/v2\/posts\/6858\/revisions\/"}],"predecessor-version":[{"id":6859,"href":"https:\/\/elektrozine.be\/fr\/wp-json\/wp\/v2\/posts\/6858\/revisions\/6859\/"}],"wp:featuredmedia":[{"embeddable":true,"href":"https:\/\/elektrozine.be\/fr\/wp-json\/wp\/v2\/media\/6860\/"}],"wp:attachment":[{"href":"https:\/\/elektrozine.be\/fr\/wp-json\/wp\/v2\/media\/?parent=6858"}],"wp:term":[{"taxonomy":"category","embeddable":true,"href":"https:\/\/elektrozine.be\/fr\/wp-json\/wp\/v2\/categories\/?post=6858"},{"taxonomy":"post_tag","embeddable":true,"href":"https:\/\/elektrozine.be\/fr\/wp-json\/wp\/v2\/tags\/?post=6858"}],"curies":[{"name":"wp","href":"https:\/\/api.w.org\/{rel}","templated":true}]}}