{"id":6852,"date":"2015-09-10T07:00:00","date_gmt":"2015-09-10T06:00:00","guid":{"rendered":"http:\/\/elektrozine.be\/?p=6852&#038;lang=fr"},"modified":"2016-01-12T11:11:14","modified_gmt":"2016-01-12T10:11:14","slug":"apple-vernieuwt-eindelijk-zijn-apple-tv","status":"publish","type":"post","link":"https:\/\/elektrozine.be\/fr\/apple-vernieuwt-eindelijk-zijn-apple-tv\/","title":{"rendered":"Apple renouvelle (enfin) son Apple TV"},"content":{"rendered":"<div>La nouvelle version de l&#8217;Apple TV entend faire du petit bo\u00eetier un \u00e9l\u00e9ment \u00e0 part enti\u00e8re de l&#8217;\u00e9cosyst\u00e8me Apple. Il devrait r\u00e9volutionner notre mani\u00e8re de regarder la t\u00e9l\u00e9 et de nous divertir.<\/div>\n<p>On a pu d\u00e9couvrir l&#8217;iPhone 6S ainsi qu&#8217;un nouvel iPad, mais l&#8217;Apple TV \u00e9tait peut-\u00eatre l&#8217;appareil le plus attendu de la keynote de cette ann\u00e9e. Ces derni\u00e8res ann\u00e9es, le petit bo\u00eetier n&#8217;\u00e9tait rien d&#8217;autre qu&#8217;un petit bonus, un \u00ab passe-temps \u00bb comme disait Steve Jobs.<\/p>\n<p>Guid\u00e9e par Tim Cook, Apple entend d\u00e9sormais conqu\u00e9rir le monde de la t\u00e9l\u00e9vision, et l&#8217;Apple TV y contribuer.<\/p>\n<p>L&#8217;Apple TV dispose \u00e0 pr\u00e9sent d&#8217;une nouvelle t\u00e9l\u00e9commande \u00e9quip\u00e9e d&#8217;un microphone et d&#8217;un pav\u00e9 tactile. Ce microphone est particuli\u00e8rement int\u00e9ressant. En effet, le lecteur m\u00e9dia est \u00e9quip\u00e9 de l&#8217;assistant Siri capable d&#8217;interpr\u00e9ter et d&#8217;ex\u00e9cuter vos commandes vocales.<\/p>\n<p>Imaginons que vous recherchiez un certain genre de film, il vous suffit de le demander \u00e0 votre t\u00e9l\u00e9commande. L&#8217;Apple TV va alors chercher dans toutes vos sources de contenu (Netflix, Hulu, HBO, iTunes, etc.) quels services proposent ce film. Vous pouvez toujours affiner votre recherche, chaque requ\u00eate vous renvoyant vers une s\u00e9lection plus pr\u00e9cise de programmes et de films. Les commandes vocales sont \u00e9galement tr\u00e8s intuitives : si vous dites : \u00ab qu&#8217;est-ce qu&#8217;elle a dit ? \u00bb, l&#8217;Apple TV reviendra cinq secondes en arri\u00e8re afin de rejouer le passage que vous avez manqu\u00e9.<\/p>\n<p>Apple veut \u00e9galement se focaliser sur le monde du jeu vid\u00e9o. Les jeux vid\u00e9o rencontrent d\u00e9j\u00e0 un incroyable succ\u00e8s sur iPad et iPhone. Rien d&#8217;\u00e9tonnant donc \u00e0 ce qu&#8217;Apple veuille d\u00e9sormais s&#8217;attaquer au monde de la t\u00e9l\u00e9vision et, par cons\u00e9quent, \u00e0 de grands noms tels que PlayStation (Sony), Xbox (Microsoft) et Wii (Nintendo).<\/p>\n<p>L&#8217;Apple TV embarque une puce A8, que l&#8217;on retrouve \u00e9galement dans l&#8217;iPhone 6, et est disponible en deux versions : 32 GB au prix de 149 dollars et 64 GB au prix de 199 dollars.<\/p>\n<h2>D\u00e9couvrez quelques autres produits de\u00a0Apple<br \/>\n<strong>\r\n                <div id='position_image_loading_by_brand_1045085023' style='text-align: center;padding: 20px;'><img  src='https:\/\/elektrozine.be\/wp-content\/themes\/Newspaper\/images\/ajax-loader.gif' \/><\/div>\r\n                <div id='position_display_data_by_brand_1045085023'><div style='text-align:center;padding:15px;border:1px solid #ccc;display:none'>Klik <a style='cursor: pointer'>hier<\/a> om producten in te laden<\/div><\/div>\r\n                <script>        \r\n                jQuery(document).ready(function(){  \r\n                    jQuery('#position_display_data_by_brand_1045085023').find('a').click(function(){callReload({\"action\":\"load_getproducts_by_brand\",\"brand_id\":\"2750\",\"category\":null,\"count\":\"50\",\"title\":\"\",\"description\":\"0\",\"order\":\"random\",\"view\":\"\",\"divid\":1045085023}, 'position_display_data_by_brand_1045085023','position_image_loading_by_brand_1045085023');})       \r\n                    callReload({\"action\":\"load_getproducts_by_brand\",\"brand_id\":\"2750\",\"category\":null,\"count\":\"50\",\"title\":\"\",\"description\":\"0\",\"order\":\"random\",\"view\":\"\",\"divid\":1045085023}, 'position_display_data_by_brand_1045085023','position_image_loading_by_brand_1045085023');\r\n                });\r\n            <\/script>\r\n            <\/strong><\/h2>\n","protected":false},"excerpt":{"rendered":"<p>La nouvelle version de l&#8217;Apple TV entend faire du petit bo\u00eetier un \u00e9l\u00e9ment \u00e0 part enti\u00e8re de l&#8217;\u00e9cosyst\u00e8me Apple. Il devrait r\u00e9volutionner notre mani\u00e8re de regarder la t\u00e9l\u00e9 et de nous divertir. On a pu d\u00e9couvrir l&#8217;iPhone 6S ainsi qu&#8217;un nouvel iPad, mais l&#8217;Apple TV \u00e9tait peut-\u00eatre l&#8217;appareil le plus attendu de la keynote de [&hellip;]<\/p>\n","protected":false},"author":5,"featured_media":6854,"comment_status":"open","ping_status":"open","sticky":false,"template":"","format":"standard","meta":{"tdm_status":"","tdm_grid_status":"","footnotes":""},"categories":[1117],"tags":[1325],"class_list":{"0":"post-6852","1":"post","2":"type-post","3":"status-publish","4":"format-standard","5":"has-post-thumbnail","7":"category-streaming-fr","8":"tag-apple-fr"},"yoast_head":"<!-- This site is optimized with the Yoast SEO plugin v26.2 - https:\/\/yoast.com\/wordpress\/plugins\/seo\/ -->\n<title>Apple renouvelle (enfin) son Apple TV<\/title>\n<meta name=\"robots\" content=\"index, follow, max-snippet:-1, max-image-preview:large, max-video-preview:-1\" \/>\n<link rel=\"canonical\" href=\"https:\/\/elektrozine.be\/fr\/apple-vernieuwt-eindelijk-zijn-apple-tv\/\" \/>\n<meta property=\"og:locale\" content=\"fr_FR\" \/>\n<meta property=\"og:type\" content=\"article\" \/>\n<meta property=\"og:title\" content=\"Apple renouvelle (enfin) son Apple TV\" \/>\n<meta property=\"og:description\" content=\"La nouvelle version de l&#8217;Apple TV entend faire du petit bo\u00eetier un \u00e9l\u00e9ment \u00e0 part enti\u00e8re de l&#8217;\u00e9cosyst\u00e8me Apple. Il devrait r\u00e9volutionner notre mani\u00e8re de regarder la t\u00e9l\u00e9 et de nous divertir. On a pu d\u00e9couvrir l&#8217;iPhone 6S ainsi qu&#8217;un nouvel iPad, mais l&#8217;Apple TV \u00e9tait peut-\u00eatre l&#8217;appareil le plus attendu de la keynote de [&hellip;]\" \/>\n<meta property=\"og:url\" content=\"https:\/\/elektrozine.be\/fr\/apple-vernieuwt-eindelijk-zijn-apple-tv\/\" \/>\n<meta property=\"og:site_name\" content=\"elektrozine.be\" \/>\n<meta property=\"article:publisher\" content=\"https:\/\/www.facebook.com\/elektrozine\/\" \/>\n<meta property=\"article:published_time\" content=\"2015-09-10T06:00:00+00:00\" \/>\n<meta property=\"article:modified_time\" content=\"2016-01-12T10:11:14+00:00\" \/>\n<meta property=\"og:image\" content=\"https:\/\/elektrozine.be\/wp-content\/uploads\/2015\/09\/apple-tv.jpg\" \/>\n\t<meta property=\"og:image:width\" content=\"1600\" \/>\n\t<meta property=\"og:image:height\" content=\"1200\" \/>\n\t<meta property=\"og:image:type\" content=\"image\/jpeg\" \/>\n<meta name=\"author\" content=\"Gauthier\" \/>\n<meta name=\"twitter:card\" content=\"summary_large_image\" \/>\n<meta name=\"twitter:creator\" content=\"@elektrozine\" \/>\n<meta name=\"twitter:site\" content=\"@elektrozine\" \/>\n<meta name=\"twitter:label1\" content=\"Written by\" \/>\n\t<meta name=\"twitter:data1\" content=\"Gauthier\" \/>\n\t<meta name=\"twitter:label2\" content=\"Est. reading time\" \/>\n\t<meta name=\"twitter:data2\" content=\"2 minutes\" \/>\n<script type=\"application\/ld+json\" class=\"yoast-schema-graph\">{\"@context\":\"https:\/\/schema.org\",\"@graph\":[{\"@type\":\"WebPage\",\"@id\":\"https:\/\/elektrozine.be\/fr\/apple-vernieuwt-eindelijk-zijn-apple-tv\/\",\"url\":\"https:\/\/elektrozine.be\/fr\/apple-vernieuwt-eindelijk-zijn-apple-tv\/\",\"name\":\"Apple renouvelle (enfin) son Apple TV\",\"isPartOf\":{\"@id\":\"https:\/\/elektrozine.be\/#website\"},\"primaryImageOfPage\":{\"@id\":\"https:\/\/elektrozine.be\/fr\/apple-vernieuwt-eindelijk-zijn-apple-tv\/#primaryimage\"},\"image\":{\"@id\":\"https:\/\/elektrozine.be\/fr\/apple-vernieuwt-eindelijk-zijn-apple-tv\/#primaryimage\"},\"thumbnailUrl\":\"https:\/\/elektrozine.be\/wp-content\/uploads\/2015\/09\/apple-tv.jpg\",\"datePublished\":\"2015-09-10T06:00:00+00:00\",\"dateModified\":\"2016-01-12T10:11:14+00:00\",\"author\":{\"@id\":\"https:\/\/elektrozine.be\/#\/schema\/person\/6a83f38215714b172da4fa9b6fa7f6da\"},\"breadcrumb\":{\"@id\":\"https:\/\/elektrozine.be\/fr\/apple-vernieuwt-eindelijk-zijn-apple-tv\/#breadcrumb\"},\"inLanguage\":\"fr-fr\",\"potentialAction\":[{\"@type\":\"ReadAction\",\"target\":[\"https:\/\/elektrozine.be\/fr\/apple-vernieuwt-eindelijk-zijn-apple-tv\/\"]}]},{\"@type\":\"ImageObject\",\"inLanguage\":\"fr-fr\",\"@id\":\"https:\/\/elektrozine.be\/fr\/apple-vernieuwt-eindelijk-zijn-apple-tv\/#primaryimage\",\"url\":\"https:\/\/elektrozine.be\/wp-content\/uploads\/2015\/09\/apple-tv.jpg\",\"contentUrl\":\"https:\/\/elektrozine.be\/wp-content\/uploads\/2015\/09\/apple-tv.jpg\",\"width\":1600,\"height\":1200},{\"@type\":\"BreadcrumbList\",\"@id\":\"https:\/\/elektrozine.be\/fr\/apple-vernieuwt-eindelijk-zijn-apple-tv\/#breadcrumb\",\"itemListElement\":[{\"@type\":\"ListItem\",\"position\":1,\"name\":\"Home\",\"item\":\"https:\/\/elektrozine.be\/fr\/\"},{\"@type\":\"ListItem\",\"position\":2,\"name\":\"Apple renouvelle (enfin) son Apple TV\"}]},{\"@type\":\"WebSite\",\"@id\":\"https:\/\/elektrozine.be\/#website\",\"url\":\"https:\/\/elektrozine.be\/\",\"name\":\"elektrozine.be\",\"description\":\"All the stuff you need\",\"potentialAction\":[{\"@type\":\"SearchAction\",\"target\":{\"@type\":\"EntryPoint\",\"urlTemplate\":\"https:\/\/elektrozine.be\/?s={search_term_string}\"},\"query-input\":{\"@type\":\"PropertyValueSpecification\",\"valueRequired\":true,\"valueName\":\"search_term_string\"}}],\"inLanguage\":\"fr-fr\"},{\"@type\":\"Person\",\"@id\":\"https:\/\/elektrozine.be\/#\/schema\/person\/6a83f38215714b172da4fa9b6fa7f6da\",\"name\":\"Gauthier\",\"image\":{\"@type\":\"ImageObject\",\"inLanguage\":\"fr-fr\",\"@id\":\"https:\/\/elektrozine.be\/#\/schema\/person\/image\/\",\"url\":\"https:\/\/secure.gravatar.com\/avatar\/62cb19483b8f854b22498a584d89a8a9d7c3ce5fcc6764557e88630bdd22249e?s=96&d=mm&r=g\",\"contentUrl\":\"https:\/\/secure.gravatar.com\/avatar\/62cb19483b8f854b22498a584d89a8a9d7c3ce5fcc6764557e88630bdd22249e?s=96&d=mm&r=g\",\"caption\":\"Gauthier\"},\"url\":\"https:\/\/elektrozine.be\/fr\/author\/gauthier\/\"}]}<\/script>\n<!-- \/ Yoast SEO plugin. -->","yoast_head_json":{"title":"Apple renouvelle (enfin) son Apple TV","robots":{"index":"index","follow":"follow","max-snippet":"max-snippet:-1","max-image-preview":"max-image-preview:large","max-video-preview":"max-video-preview:-1"},"canonical":"https:\/\/elektrozine.be\/fr\/apple-vernieuwt-eindelijk-zijn-apple-tv\/","og_locale":"fr_FR","og_type":"article","og_title":"Apple renouvelle (enfin) son Apple TV","og_description":"La nouvelle version de l&#8217;Apple TV entend faire du petit bo\u00eetier un \u00e9l\u00e9ment \u00e0 part enti\u00e8re de l&#8217;\u00e9cosyst\u00e8me Apple. Il devrait r\u00e9volutionner notre mani\u00e8re de regarder la t\u00e9l\u00e9 et de nous divertir. On a pu d\u00e9couvrir l&#8217;iPhone 6S ainsi qu&#8217;un nouvel iPad, mais l&#8217;Apple TV \u00e9tait peut-\u00eatre l&#8217;appareil le plus attendu de la keynote de [&hellip;]","og_url":"https:\/\/elektrozine.be\/fr\/apple-vernieuwt-eindelijk-zijn-apple-tv\/","og_site_name":"elektrozine.be","article_publisher":"https:\/\/www.facebook.com\/elektrozine\/","article_published_time":"2015-09-10T06:00:00+00:00","article_modified_time":"2016-01-12T10:11:14+00:00","og_image":[{"width":1600,"height":1200,"url":"https:\/\/elektrozine.be\/wp-content\/uploads\/2015\/09\/apple-tv.jpg","type":"image\/jpeg"}],"author":"Gauthier","twitter_card":"summary_large_image","twitter_creator":"@elektrozine","twitter_site":"@elektrozine","twitter_misc":{"Written by":"Gauthier","Est. reading time":"2 minutes"},"schema":{"@context":"https:\/\/schema.org","@graph":[{"@type":"WebPage","@id":"https:\/\/elektrozine.be\/fr\/apple-vernieuwt-eindelijk-zijn-apple-tv\/","url":"https:\/\/elektrozine.be\/fr\/apple-vernieuwt-eindelijk-zijn-apple-tv\/","name":"Apple renouvelle (enfin) son Apple TV","isPartOf":{"@id":"https:\/\/elektrozine.be\/#website"},"primaryImageOfPage":{"@id":"https:\/\/elektrozine.be\/fr\/apple-vernieuwt-eindelijk-zijn-apple-tv\/#primaryimage"},"image":{"@id":"https:\/\/elektrozine.be\/fr\/apple-vernieuwt-eindelijk-zijn-apple-tv\/#primaryimage"},"thumbnailUrl":"https:\/\/elektrozine.be\/wp-content\/uploads\/2015\/09\/apple-tv.jpg","datePublished":"2015-09-10T06:00:00+00:00","dateModified":"2016-01-12T10:11:14+00:00","author":{"@id":"https:\/\/elektrozine.be\/#\/schema\/person\/6a83f38215714b172da4fa9b6fa7f6da"},"breadcrumb":{"@id":"https:\/\/elektrozine.be\/fr\/apple-vernieuwt-eindelijk-zijn-apple-tv\/#breadcrumb"},"inLanguage":"fr-fr","potentialAction":[{"@type":"ReadAction","target":["https:\/\/elektrozine.be\/fr\/apple-vernieuwt-eindelijk-zijn-apple-tv\/"]}]},{"@type":"ImageObject","inLanguage":"fr-fr","@id":"https:\/\/elektrozine.be\/fr\/apple-vernieuwt-eindelijk-zijn-apple-tv\/#primaryimage","url":"https:\/\/elektrozine.be\/wp-content\/uploads\/2015\/09\/apple-tv.jpg","contentUrl":"https:\/\/elektrozine.be\/wp-content\/uploads\/2015\/09\/apple-tv.jpg","width":1600,"height":1200},{"@type":"BreadcrumbList","@id":"https:\/\/elektrozine.be\/fr\/apple-vernieuwt-eindelijk-zijn-apple-tv\/#breadcrumb","itemListElement":[{"@type":"ListItem","position":1,"name":"Home","item":"https:\/\/elektrozine.be\/fr\/"},{"@type":"ListItem","position":2,"name":"Apple renouvelle (enfin) son Apple TV"}]},{"@type":"WebSite","@id":"https:\/\/elektrozine.be\/#website","url":"https:\/\/elektrozine.be\/","name":"elektrozine.be","description":"All the stuff you need","potentialAction":[{"@type":"SearchAction","target":{"@type":"EntryPoint","urlTemplate":"https:\/\/elektrozine.be\/?s={search_term_string}"},"query-input":{"@type":"PropertyValueSpecification","valueRequired":true,"valueName":"search_term_string"}}],"inLanguage":"fr-fr"},{"@type":"Person","@id":"https:\/\/elektrozine.be\/#\/schema\/person\/6a83f38215714b172da4fa9b6fa7f6da","name":"Gauthier","image":{"@type":"ImageObject","inLanguage":"fr-fr","@id":"https:\/\/elektrozine.be\/#\/schema\/person\/image\/","url":"https:\/\/secure.gravatar.com\/avatar\/62cb19483b8f854b22498a584d89a8a9d7c3ce5fcc6764557e88630bdd22249e?s=96&d=mm&r=g","contentUrl":"https:\/\/secure.gravatar.com\/avatar\/62cb19483b8f854b22498a584d89a8a9d7c3ce5fcc6764557e88630bdd22249e?s=96&d=mm&r=g","caption":"Gauthier"},"url":"https:\/\/elektrozine.be\/fr\/author\/gauthier\/"}]}},"amp_enabled":true,"_links":{"self":[{"href":"https:\/\/elektrozine.be\/fr\/wp-json\/wp\/v2\/posts\/6852\/"}],"collection":[{"href":"https:\/\/elektrozine.be\/fr\/wp-json\/wp\/v2\/posts\/"}],"about":[{"href":"https:\/\/elektrozine.be\/fr\/wp-json\/wp\/v2\/types\/post\/"}],"author":[{"embeddable":true,"href":"https:\/\/elektrozine.be\/fr\/wp-json\/wp\/v2\/users\/5\/"}],"replies":[{"embeddable":true,"href":"https:\/\/elektrozine.be\/fr\/wp-json\/wp\/v2\/comments\/?post=6852"}],"version-history":[{"count":1,"href":"https:\/\/elektrozine.be\/fr\/wp-json\/wp\/v2\/posts\/6852\/revisions\/"}],"predecessor-version":[{"id":6853,"href":"https:\/\/elektrozine.be\/fr\/wp-json\/wp\/v2\/posts\/6852\/revisions\/6853\/"}],"wp:featuredmedia":[{"embeddable":true,"href":"https:\/\/elektrozine.be\/fr\/wp-json\/wp\/v2\/media\/6854\/"}],"wp:attachment":[{"href":"https:\/\/elektrozine.be\/fr\/wp-json\/wp\/v2\/media\/?parent=6852"}],"wp:term":[{"taxonomy":"category","embeddable":true,"href":"https:\/\/elektrozine.be\/fr\/wp-json\/wp\/v2\/categories\/?post=6852"},{"taxonomy":"post_tag","embeddable":true,"href":"https:\/\/elektrozine.be\/fr\/wp-json\/wp\/v2\/tags\/?post=6852"}],"curies":[{"name":"wp","href":"https:\/\/api.w.org\/{rel}","templated":true}]}}