{"id":6845,"date":"2015-09-12T07:00:00","date_gmt":"2015-09-12T06:00:00","guid":{"rendered":"http:\/\/elektrozine.be\/?p=6845&#038;lang=fr"},"modified":"2016-01-12T10:51:45","modified_gmt":"2016-01-12T09:51:45","slug":"dit-waren-de-philips-tvs-op-ifa","status":"publish","type":"post","link":"https:\/\/elektrozine.be\/fr\/dit-waren-de-philips-tvs-op-ifa\/","title":{"rendered":"Voici les t\u00e9l\u00e9viseurs Philips pr\u00e9sent\u00e9s \u00e0 l&#8217;IFA"},"content":{"rendered":"<p><a href=\"\/?page_id=4311\">Philips<\/a> a pr\u00e9sent\u00e9 ses nouvelles s\u00e9ries de t\u00e9l\u00e9viseurs au salon IFA. Ultra HD, High Dynamic Range et \u00e9crans incurv\u00e9s restent cet automne encore la tendance.<\/p>\n<p>Nous avons d\u00e9j\u00e0 abord\u00e9 par le pass\u00e9 la technologie Ambilux, qui permet d&#8217;offrir une exp\u00e9rience Ambilight encore plus immersive o\u00f9 l&#8217;image, et pas seulement les couleurs, est projet\u00e9e sur le mur \u00e0 l&#8217;arri\u00e8re du t\u00e9l\u00e9viseur. La s\u00e9rie 9600 est la nouvelle s\u00e9rie haut de gamme de Philips. Cette s\u00e9rie se compose de t\u00e9l\u00e9viseurs Ultra-HD embarquant \u00e9galement la technologie HDR pour des noirs plus profonds et des couleurs plus vives. Gr\u00e2ce \u00e0 la technologie Bright Premium, le t\u00e9l\u00e9viseur atteint un niveau de luminance accru de 1 000 Nits, avec \u00e0 la cl\u00e9 des couleurs plus vives.<\/p>\n<p>Le mod\u00e8le haut de gamme affiche une diagonale de 64 pouces (165 cm) et fait appel aux technologies de traitement d&#8217;image Perfect Pixal Ultra HD et de mise \u00e0 l&#8217;\u00e9chelle (upscaling). Les images en r\u00e9solution Full HD sont ainsi restitu\u00e9es de mani\u00e8re tr\u00e8s nette avec un niveau de contraste \u00e9lev\u00e9, et sont encore optimis\u00e9es gr\u00e2ce \u00e0 la technologie Micro Dimming Premium et le r\u00e9tro\u00e9clairage LED direct. La s\u00e9rie 9600 fait appel \u00e0 la technologie quadrilat\u00e9rale Ambilight et arbore un encadrement ultra fin. Sous l&#8217;\u00e9cran, on retrouve \u00e9galement une fine barre de son visant \u00e0 \u00ab optimiser \u00bb les performances audio.<\/p>\n<p><img loading=\"lazy\" decoding=\"async\" class=\"aligncenter size-large wp-image-5177 ml-lightbox-enabled\" src=\"http:\/\/elektrozine.be\/wp-content\/uploads\/2015\/09\/philips-ambilux-1024x768.jpg\" alt=\"philips-ambilux\" width=\"1024\" height=\"768\" srcset=\"https:\/\/elektrozine.be\/wp-content\/uploads\/2015\/09\/philips-ambilux-1024x768.jpg 1024w, https:\/\/elektrozine.be\/wp-content\/uploads\/2015\/09\/philips-ambilux-150x113.jpg 150w, https:\/\/elektrozine.be\/wp-content\/uploads\/2015\/09\/philips-ambilux-300x225.jpg 300w, https:\/\/elektrozine.be\/wp-content\/uploads\/2015\/09\/philips-ambilux-80x60.jpg 80w, https:\/\/elektrozine.be\/wp-content\/uploads\/2015\/09\/philips-ambilux-265x198.jpg 265w, https:\/\/elektrozine.be\/wp-content\/uploads\/2015\/09\/philips-ambilux-696x522.jpg 696w, https:\/\/elektrozine.be\/wp-content\/uploads\/2015\/09\/philips-ambilux-1068x801.jpg 1068w, https:\/\/elektrozine.be\/wp-content\/uploads\/2015\/09\/philips-ambilux-560x420.jpg 560w, https:\/\/elektrozine.be\/wp-content\/uploads\/2015\/09\/philips-ambilux.jpg 1600w\" sizes=\"auto, (max-width: 1024px) 100vw, 1024px\" \/><\/p>\n<p>La technologie Ambilux susmentionn\u00e9e est \u00e9galement int\u00e9gr\u00e9e dans une s\u00e9rie de t\u00e9l\u00e9viseurs sp\u00e9cifique et vient \u00e9toffer la gamme avec une s\u00e9rie de t\u00e9l\u00e9viseurs Ultra HD. Ce t\u00e9l\u00e9viseur dispose lui aussi une diagonale de 65 pouces.<\/p>\n<p><img loading=\"lazy\" decoding=\"async\" class=\"aligncenter size-large wp-image-5178 ml-lightbox-enabled\" src=\"http:\/\/elektrozine.be\/wp-content\/uploads\/2015\/09\/Philips-8601-2-1024x768.jpg\" alt=\"Philips-8601-2\" width=\"1024\" height=\"768\" srcset=\"https:\/\/elektrozine.be\/wp-content\/uploads\/2015\/09\/Philips-8601-2-1024x768.jpg 1024w, https:\/\/elektrozine.be\/wp-content\/uploads\/2015\/09\/Philips-8601-2-150x113.jpg 150w, https:\/\/elektrozine.be\/wp-content\/uploads\/2015\/09\/Philips-8601-2-300x225.jpg 300w, https:\/\/elektrozine.be\/wp-content\/uploads\/2015\/09\/Philips-8601-2-80x60.jpg 80w, https:\/\/elektrozine.be\/wp-content\/uploads\/2015\/09\/Philips-8601-2-265x198.jpg 265w, https:\/\/elektrozine.be\/wp-content\/uploads\/2015\/09\/Philips-8601-2-696x522.jpg 696w, https:\/\/elektrozine.be\/wp-content\/uploads\/2015\/09\/Philips-8601-2-1068x801.jpg 1068w, https:\/\/elektrozine.be\/wp-content\/uploads\/2015\/09\/Philips-8601-2-560x420.jpg 560w, https:\/\/elektrozine.be\/wp-content\/uploads\/2015\/09\/Philips-8601-2.jpg 1600w\" sizes=\"auto, (max-width: 1024px) 100vw, 1024px\" \/><\/p>\n<p>La s\u00e9rie 8601 embarque le syst\u00e8me BrightPro, pour une nettet\u00e9 d&#8217;image deux fois sup\u00e9rieure \u00e0 celle d&#8217;un t\u00e9l\u00e9viseur conventionnel. Le son est lui aussi optimis\u00e9 gr\u00e2ce \u00e0 un syst\u00e8me de 18 haut-parleurs comprenant 16 micro-drivers et \u00e0 deux subwoofers neodymium int\u00e9gr\u00e9s pour une puissance totale de 50 W. De plus, les micro-drivers sont situ\u00e9s dans deux haut-parleurs s\u00e9par\u00e9s que vous pouvez \u00e9galement d\u00e9tacher de l&#8217;\u00e9cran et placer plus loin les uns des autres afin de cr\u00e9er une ambiance sonore plus &#8216;surround&#8217;.<\/p>\n<p>Le t\u00e9l\u00e9viseur Philips 8601 est disponible au format 55 et 65 pouces et est \u00e9quip\u00e9 de la technologie quadrilat\u00e9rale Ambilight. Enfin, la s\u00e9rie 8700 se compose de t\u00e9l\u00e9viseurs Ultra HD incurv\u00e9s embarquant la technologie trilat\u00e9rale Ambilight. Le t\u00e9l\u00e9viseur est muni d&#8217;une barre de son incurv\u00e9e en dessous de l&#8217;\u00e9cran, sur toute sa longueur. Philips n&#8217;a pas encore communiqu\u00e9 le prix ni la disponibilit\u00e9 de ces t\u00e9l\u00e9viseurs.<\/p>\n<p><img loading=\"lazy\" decoding=\"async\" class=\"aligncenter size-large wp-image-5179 ml-lightbox-enabled\" src=\"http:\/\/elektrozine.be\/wp-content\/uploads\/2015\/09\/philips-8700-1024x768.jpg\" alt=\"philips-8700\" width=\"1024\" height=\"768\" srcset=\"https:\/\/elektrozine.be\/wp-content\/uploads\/2015\/09\/philips-8700-1024x768.jpg 1024w, https:\/\/elektrozine.be\/wp-content\/uploads\/2015\/09\/philips-8700-150x113.jpg 150w, https:\/\/elektrozine.be\/wp-content\/uploads\/2015\/09\/philips-8700-300x225.jpg 300w, https:\/\/elektrozine.be\/wp-content\/uploads\/2015\/09\/philips-8700-80x60.jpg 80w, https:\/\/elektrozine.be\/wp-content\/uploads\/2015\/09\/philips-8700-265x198.jpg 265w, https:\/\/elektrozine.be\/wp-content\/uploads\/2015\/09\/philips-8700-696x522.jpg 696w, https:\/\/elektrozine.be\/wp-content\/uploads\/2015\/09\/philips-8700-1068x801.jpg 1068w, https:\/\/elektrozine.be\/wp-content\/uploads\/2015\/09\/philips-8700-560x420.jpg 560w, https:\/\/elektrozine.be\/wp-content\/uploads\/2015\/09\/philips-8700.jpg 1600w\" sizes=\"auto, (max-width: 1024px) 100vw, 1024px\" \/><\/p>\n<h2>D\u00e9couvrez ici quelques t\u00e9l\u00e9viseurs de Phlips<\/h2>\n\r\n                <div id='position_image_loading_by_brand_918445589' style='text-align: center;padding: 20px;'><img  src='https:\/\/elektrozine.be\/wp-content\/themes\/Newspaper\/images\/ajax-loader.gif' \/><\/div>\r\n                <div id='position_display_data_by_brand_918445589'><div style='text-align:center;padding:15px;border:1px solid #ccc;display:none'>Klik <a style='cursor: pointer'>hier<\/a> om producten in te laden<\/div><\/div>\r\n                <script>        \r\n                jQuery(document).ready(function(){  \r\n                    jQuery('#position_display_data_by_brand_918445589').find('a').click(function(){callReload({\"action\":\"load_getproducts_by_brand\",\"brand_id\":\"4595\",\"category\":\"141\",\"count\":\"100\",\"title\":\"\",\"description\":\"0\",\"order\":\"random\",\"view\":\"\",\"divid\":918445589}, 'position_display_data_by_brand_918445589','position_image_loading_by_brand_918445589');})       \r\n                    callReload({\"action\":\"load_getproducts_by_brand\",\"brand_id\":\"4595\",\"category\":\"141\",\"count\":\"100\",\"title\":\"\",\"description\":\"0\",\"order\":\"random\",\"view\":\"\",\"divid\":918445589}, 'position_display_data_by_brand_918445589','position_image_loading_by_brand_918445589');\r\n                });\r\n            <\/script>\r\n            \n","protected":false},"excerpt":{"rendered":"<p>Philips a pr\u00e9sent\u00e9 ses nouvelles s\u00e9ries de t\u00e9l\u00e9viseurs au salon IFA. Ultra HD, High Dynamic Range et \u00e9crans incurv\u00e9s restent cet automne encore la tendance. Nous avons d\u00e9j\u00e0 abord\u00e9 par le pass\u00e9 la technologie Ambilux, qui permet d&#8217;offrir une exp\u00e9rience Ambilight encore plus immersive o\u00f9 l&#8217;image, et pas seulement les couleurs, est projet\u00e9e sur le [&hellip;]<\/p>\n","protected":false},"author":5,"featured_media":6847,"comment_status":"open","ping_status":"open","sticky":false,"template":"","format":"standard","meta":{"tdm_status":"","tdm_grid_status":"","footnotes":""},"categories":[1123],"tags":[1744],"class_list":{"0":"post-6845","1":"post","2":"type-post","3":"status-publish","4":"format-standard","5":"has-post-thumbnail","7":"category-televiseur","8":"tag-televiseur-philips"},"yoast_head":"<!-- This site is optimized with the Yoast SEO plugin v26.2 - https:\/\/yoast.com\/wordpress\/plugins\/seo\/ -->\n<title>Voici les t\u00e9l\u00e9viseurs Philips pr\u00e9sent\u00e9s \u00e0 l&#039;IFA<\/title>\n<meta name=\"robots\" content=\"index, follow, max-snippet:-1, max-image-preview:large, max-video-preview:-1\" \/>\n<link rel=\"canonical\" href=\"https:\/\/elektrozine.be\/fr\/dit-waren-de-philips-tvs-op-ifa\/\" \/>\n<meta property=\"og:locale\" content=\"fr_FR\" \/>\n<meta property=\"og:type\" content=\"article\" \/>\n<meta property=\"og:title\" content=\"Voici les t\u00e9l\u00e9viseurs Philips pr\u00e9sent\u00e9s \u00e0 l&#039;IFA\" \/>\n<meta property=\"og:description\" content=\"Philips a pr\u00e9sent\u00e9 ses nouvelles s\u00e9ries de t\u00e9l\u00e9viseurs au salon IFA. Ultra HD, High Dynamic Range et \u00e9crans incurv\u00e9s restent cet automne encore la tendance. Nous avons d\u00e9j\u00e0 abord\u00e9 par le pass\u00e9 la technologie Ambilux, qui permet d&#8217;offrir une exp\u00e9rience Ambilight encore plus immersive o\u00f9 l&#8217;image, et pas seulement les couleurs, est projet\u00e9e sur le [&hellip;]\" \/>\n<meta property=\"og:url\" content=\"https:\/\/elektrozine.be\/fr\/dit-waren-de-philips-tvs-op-ifa\/\" \/>\n<meta property=\"og:site_name\" content=\"elektrozine.be\" \/>\n<meta property=\"article:publisher\" content=\"https:\/\/www.facebook.com\/elektrozine\/\" \/>\n<meta property=\"article:published_time\" content=\"2015-09-12T06:00:00+00:00\" \/>\n<meta property=\"article:modified_time\" content=\"2016-01-12T09:51:45+00:00\" \/>\n<meta property=\"og:image\" content=\"https:\/\/elektrozine.be\/wp-content\/uploads\/2015\/09\/philips-9600.jpg\" \/>\n\t<meta property=\"og:image:width\" content=\"1600\" \/>\n\t<meta property=\"og:image:height\" content=\"1200\" \/>\n\t<meta property=\"og:image:type\" content=\"image\/jpeg\" \/>\n<meta name=\"author\" content=\"Gauthier\" \/>\n<meta name=\"twitter:card\" content=\"summary_large_image\" \/>\n<meta name=\"twitter:creator\" content=\"@elektrozine\" \/>\n<meta name=\"twitter:site\" content=\"@elektrozine\" \/>\n<meta name=\"twitter:label1\" content=\"Written by\" \/>\n\t<meta name=\"twitter:data1\" content=\"Gauthier\" \/>\n\t<meta name=\"twitter:label2\" content=\"Est. reading time\" \/>\n\t<meta name=\"twitter:data2\" content=\"2 minutes\" \/>\n<script type=\"application\/ld+json\" class=\"yoast-schema-graph\">{\"@context\":\"https:\/\/schema.org\",\"@graph\":[{\"@type\":\"WebPage\",\"@id\":\"https:\/\/elektrozine.be\/fr\/dit-waren-de-philips-tvs-op-ifa\/\",\"url\":\"https:\/\/elektrozine.be\/fr\/dit-waren-de-philips-tvs-op-ifa\/\",\"name\":\"Voici les t\u00e9l\u00e9viseurs Philips pr\u00e9sent\u00e9s \u00e0 l'IFA\",\"isPartOf\":{\"@id\":\"https:\/\/elektrozine.be\/#website\"},\"primaryImageOfPage\":{\"@id\":\"https:\/\/elektrozine.be\/fr\/dit-waren-de-philips-tvs-op-ifa\/#primaryimage\"},\"image\":{\"@id\":\"https:\/\/elektrozine.be\/fr\/dit-waren-de-philips-tvs-op-ifa\/#primaryimage\"},\"thumbnailUrl\":\"https:\/\/elektrozine.be\/wp-content\/uploads\/2015\/09\/philips-9600.jpg\",\"datePublished\":\"2015-09-12T06:00:00+00:00\",\"dateModified\":\"2016-01-12T09:51:45+00:00\",\"author\":{\"@id\":\"https:\/\/elektrozine.be\/#\/schema\/person\/6a83f38215714b172da4fa9b6fa7f6da\"},\"breadcrumb\":{\"@id\":\"https:\/\/elektrozine.be\/fr\/dit-waren-de-philips-tvs-op-ifa\/#breadcrumb\"},\"inLanguage\":\"fr-fr\",\"potentialAction\":[{\"@type\":\"ReadAction\",\"target\":[\"https:\/\/elektrozine.be\/fr\/dit-waren-de-philips-tvs-op-ifa\/\"]}]},{\"@type\":\"ImageObject\",\"inLanguage\":\"fr-fr\",\"@id\":\"https:\/\/elektrozine.be\/fr\/dit-waren-de-philips-tvs-op-ifa\/#primaryimage\",\"url\":\"https:\/\/elektrozine.be\/wp-content\/uploads\/2015\/09\/philips-9600.jpg\",\"contentUrl\":\"https:\/\/elektrozine.be\/wp-content\/uploads\/2015\/09\/philips-9600.jpg\",\"width\":1600,\"height\":1200},{\"@type\":\"BreadcrumbList\",\"@id\":\"https:\/\/elektrozine.be\/fr\/dit-waren-de-philips-tvs-op-ifa\/#breadcrumb\",\"itemListElement\":[{\"@type\":\"ListItem\",\"position\":1,\"name\":\"Home\",\"item\":\"https:\/\/elektrozine.be\/fr\/\"},{\"@type\":\"ListItem\",\"position\":2,\"name\":\"Voici les t\u00e9l\u00e9viseurs Philips pr\u00e9sent\u00e9s \u00e0 l&#8217;IFA\"}]},{\"@type\":\"WebSite\",\"@id\":\"https:\/\/elektrozine.be\/#website\",\"url\":\"https:\/\/elektrozine.be\/\",\"name\":\"elektrozine.be\",\"description\":\"All the stuff you need\",\"potentialAction\":[{\"@type\":\"SearchAction\",\"target\":{\"@type\":\"EntryPoint\",\"urlTemplate\":\"https:\/\/elektrozine.be\/?s={search_term_string}\"},\"query-input\":{\"@type\":\"PropertyValueSpecification\",\"valueRequired\":true,\"valueName\":\"search_term_string\"}}],\"inLanguage\":\"fr-fr\"},{\"@type\":\"Person\",\"@id\":\"https:\/\/elektrozine.be\/#\/schema\/person\/6a83f38215714b172da4fa9b6fa7f6da\",\"name\":\"Gauthier\",\"image\":{\"@type\":\"ImageObject\",\"inLanguage\":\"fr-fr\",\"@id\":\"https:\/\/elektrozine.be\/#\/schema\/person\/image\/\",\"url\":\"https:\/\/secure.gravatar.com\/avatar\/62cb19483b8f854b22498a584d89a8a9d7c3ce5fcc6764557e88630bdd22249e?s=96&d=mm&r=g\",\"contentUrl\":\"https:\/\/secure.gravatar.com\/avatar\/62cb19483b8f854b22498a584d89a8a9d7c3ce5fcc6764557e88630bdd22249e?s=96&d=mm&r=g\",\"caption\":\"Gauthier\"},\"url\":\"https:\/\/elektrozine.be\/fr\/author\/gauthier\/\"}]}<\/script>\n<!-- \/ Yoast SEO plugin. -->","yoast_head_json":{"title":"Voici les t\u00e9l\u00e9viseurs Philips pr\u00e9sent\u00e9s \u00e0 l'IFA","robots":{"index":"index","follow":"follow","max-snippet":"max-snippet:-1","max-image-preview":"max-image-preview:large","max-video-preview":"max-video-preview:-1"},"canonical":"https:\/\/elektrozine.be\/fr\/dit-waren-de-philips-tvs-op-ifa\/","og_locale":"fr_FR","og_type":"article","og_title":"Voici les t\u00e9l\u00e9viseurs Philips pr\u00e9sent\u00e9s \u00e0 l'IFA","og_description":"Philips a pr\u00e9sent\u00e9 ses nouvelles s\u00e9ries de t\u00e9l\u00e9viseurs au salon IFA. Ultra HD, High Dynamic Range et \u00e9crans incurv\u00e9s restent cet automne encore la tendance. Nous avons d\u00e9j\u00e0 abord\u00e9 par le pass\u00e9 la technologie Ambilux, qui permet d&#8217;offrir une exp\u00e9rience Ambilight encore plus immersive o\u00f9 l&#8217;image, et pas seulement les couleurs, est projet\u00e9e sur le [&hellip;]","og_url":"https:\/\/elektrozine.be\/fr\/dit-waren-de-philips-tvs-op-ifa\/","og_site_name":"elektrozine.be","article_publisher":"https:\/\/www.facebook.com\/elektrozine\/","article_published_time":"2015-09-12T06:00:00+00:00","article_modified_time":"2016-01-12T09:51:45+00:00","og_image":[{"width":1600,"height":1200,"url":"https:\/\/elektrozine.be\/wp-content\/uploads\/2015\/09\/philips-9600.jpg","type":"image\/jpeg"}],"author":"Gauthier","twitter_card":"summary_large_image","twitter_creator":"@elektrozine","twitter_site":"@elektrozine","twitter_misc":{"Written by":"Gauthier","Est. reading time":"2 minutes"},"schema":{"@context":"https:\/\/schema.org","@graph":[{"@type":"WebPage","@id":"https:\/\/elektrozine.be\/fr\/dit-waren-de-philips-tvs-op-ifa\/","url":"https:\/\/elektrozine.be\/fr\/dit-waren-de-philips-tvs-op-ifa\/","name":"Voici les t\u00e9l\u00e9viseurs Philips pr\u00e9sent\u00e9s \u00e0 l'IFA","isPartOf":{"@id":"https:\/\/elektrozine.be\/#website"},"primaryImageOfPage":{"@id":"https:\/\/elektrozine.be\/fr\/dit-waren-de-philips-tvs-op-ifa\/#primaryimage"},"image":{"@id":"https:\/\/elektrozine.be\/fr\/dit-waren-de-philips-tvs-op-ifa\/#primaryimage"},"thumbnailUrl":"https:\/\/elektrozine.be\/wp-content\/uploads\/2015\/09\/philips-9600.jpg","datePublished":"2015-09-12T06:00:00+00:00","dateModified":"2016-01-12T09:51:45+00:00","author":{"@id":"https:\/\/elektrozine.be\/#\/schema\/person\/6a83f38215714b172da4fa9b6fa7f6da"},"breadcrumb":{"@id":"https:\/\/elektrozine.be\/fr\/dit-waren-de-philips-tvs-op-ifa\/#breadcrumb"},"inLanguage":"fr-fr","potentialAction":[{"@type":"ReadAction","target":["https:\/\/elektrozine.be\/fr\/dit-waren-de-philips-tvs-op-ifa\/"]}]},{"@type":"ImageObject","inLanguage":"fr-fr","@id":"https:\/\/elektrozine.be\/fr\/dit-waren-de-philips-tvs-op-ifa\/#primaryimage","url":"https:\/\/elektrozine.be\/wp-content\/uploads\/2015\/09\/philips-9600.jpg","contentUrl":"https:\/\/elektrozine.be\/wp-content\/uploads\/2015\/09\/philips-9600.jpg","width":1600,"height":1200},{"@type":"BreadcrumbList","@id":"https:\/\/elektrozine.be\/fr\/dit-waren-de-philips-tvs-op-ifa\/#breadcrumb","itemListElement":[{"@type":"ListItem","position":1,"name":"Home","item":"https:\/\/elektrozine.be\/fr\/"},{"@type":"ListItem","position":2,"name":"Voici les t\u00e9l\u00e9viseurs Philips pr\u00e9sent\u00e9s \u00e0 l&#8217;IFA"}]},{"@type":"WebSite","@id":"https:\/\/elektrozine.be\/#website","url":"https:\/\/elektrozine.be\/","name":"elektrozine.be","description":"All the stuff you need","potentialAction":[{"@type":"SearchAction","target":{"@type":"EntryPoint","urlTemplate":"https:\/\/elektrozine.be\/?s={search_term_string}"},"query-input":{"@type":"PropertyValueSpecification","valueRequired":true,"valueName":"search_term_string"}}],"inLanguage":"fr-fr"},{"@type":"Person","@id":"https:\/\/elektrozine.be\/#\/schema\/person\/6a83f38215714b172da4fa9b6fa7f6da","name":"Gauthier","image":{"@type":"ImageObject","inLanguage":"fr-fr","@id":"https:\/\/elektrozine.be\/#\/schema\/person\/image\/","url":"https:\/\/secure.gravatar.com\/avatar\/62cb19483b8f854b22498a584d89a8a9d7c3ce5fcc6764557e88630bdd22249e?s=96&d=mm&r=g","contentUrl":"https:\/\/secure.gravatar.com\/avatar\/62cb19483b8f854b22498a584d89a8a9d7c3ce5fcc6764557e88630bdd22249e?s=96&d=mm&r=g","caption":"Gauthier"},"url":"https:\/\/elektrozine.be\/fr\/author\/gauthier\/"}]}},"amp_enabled":true,"_links":{"self":[{"href":"https:\/\/elektrozine.be\/fr\/wp-json\/wp\/v2\/posts\/6845\/"}],"collection":[{"href":"https:\/\/elektrozine.be\/fr\/wp-json\/wp\/v2\/posts\/"}],"about":[{"href":"https:\/\/elektrozine.be\/fr\/wp-json\/wp\/v2\/types\/post\/"}],"author":[{"embeddable":true,"href":"https:\/\/elektrozine.be\/fr\/wp-json\/wp\/v2\/users\/5\/"}],"replies":[{"embeddable":true,"href":"https:\/\/elektrozine.be\/fr\/wp-json\/wp\/v2\/comments\/?post=6845"}],"version-history":[{"count":2,"href":"https:\/\/elektrozine.be\/fr\/wp-json\/wp\/v2\/posts\/6845\/revisions\/"}],"predecessor-version":[{"id":6851,"href":"https:\/\/elektrozine.be\/fr\/wp-json\/wp\/v2\/posts\/6845\/revisions\/6851\/"}],"wp:featuredmedia":[{"embeddable":true,"href":"https:\/\/elektrozine.be\/fr\/wp-json\/wp\/v2\/media\/6847\/"}],"wp:attachment":[{"href":"https:\/\/elektrozine.be\/fr\/wp-json\/wp\/v2\/media\/?parent=6845"}],"wp:term":[{"taxonomy":"category","embeddable":true,"href":"https:\/\/elektrozine.be\/fr\/wp-json\/wp\/v2\/categories\/?post=6845"},{"taxonomy":"post_tag","embeddable":true,"href":"https:\/\/elektrozine.be\/fr\/wp-json\/wp\/v2\/tags\/?post=6845"}],"curies":[{"name":"wp","href":"https:\/\/api.w.org\/{rel}","templated":true}]}}