{"id":28859,"date":"2021-07-10T14:07:00","date_gmt":"2021-07-10T13:07:00","guid":{"rendered":"https:\/\/elektrozine.be\/de-nieuwe-generatie-kledingstomers-van-calor\/"},"modified":"2021-10-08T14:23:01","modified_gmt":"2021-10-08T13:23:01","slug":"de-nieuwe-generatie-kledingstomers-van-calor","status":"publish","type":"post","link":"https:\/\/elektrozine.be\/fr\/de-nieuwe-generatie-kledingstomers-van-calor\/","title":{"rendered":"La nouvelle g\u00e9n\u00e9ration de d\u00e9froisseurs Calor"},"content":{"rendered":"<p>A l\u2019heure o\u00f9 40% des Belges d\u00e9clarent repasser au moins une fois par semaine leurs v\u00eatements, les attentes et exigences des utilisateurs deviennent plus \u00e9lev\u00e9es: une tendance \u00e0 laquelle r\u00e9pond la nouvelle g\u00e9n\u00e9ration des d\u00e9froisseurs Calor.<\/p>\n<h2>Assainir et rafra\u00eechir votre int\u00e9rieur gr\u00e2ce au Calor CUBE<\/h2>\n<p><img loading=\"lazy\" decoding=\"async\" class=\"aligncenter wp-image-28856 size-large\" src=\"https:\/\/elektrozine.be\/wp-content\/uploads\/2021\/07\/unnamed-1-835x1024.jpg\" alt=\"\" width=\"696\" height=\"854\" srcset=\"https:\/\/elektrozine.be\/wp-content\/uploads\/2021\/07\/unnamed-1-835x1024.jpg 835w, https:\/\/elektrozine.be\/wp-content\/uploads\/2021\/07\/unnamed-1-245x300.jpg 245w, https:\/\/elektrozine.be\/wp-content\/uploads\/2021\/07\/unnamed-1-122x150.jpg 122w, https:\/\/elektrozine.be\/wp-content\/uploads\/2021\/07\/unnamed-1-696x854.jpg 696w, https:\/\/elektrozine.be\/wp-content\/uploads\/2021\/07\/unnamed-1-342x420.jpg 342w, https:\/\/elektrozine.be\/wp-content\/uploads\/2021\/07\/unnamed-1.jpg 978w\" sizes=\"auto, (max-width: 696px) 100vw, 696px\" \/><\/p>\n<p>Equip\u00e9 d&#8217;une technologie de vapeur \u00e0 haute pression et d\u2019une t\u00eate de vapeur ultra-l\u00e9g\u00e8re, le Calor Cube <a href=\"https:\/\/niwzi.be\/fr\/index.php?route=product\/product&amp;product_id=485352\" target=\"_blank\" rel=\"noopener\">UT2020<\/a> assainit et rafra\u00eechit gr\u00e2ce \u00e0 sa puissance de vapeur 100 % naturelle.<\/p>\n<p>Son pouvoir assainissant enti\u00e8rement naturel gr\u00e2ce \u00e0 la vapeur \u00e0 haute pression \u00e0 155\u00b0C permet de tuer jusqu&#8217;\u00e0 99,99 % des virus et des bact\u00e9ries. R\u00e9duisant les allerg\u00e8nes et les odeurs, votre maison se voit \u00e9galement rafra\u00eechie et assainie sans aucun produit chimique, garantissant un environnement de vie plus confortable.<\/p>\n<p>Deux fois plus l\u00e9ger qu&#8217;un fer \u00e0 repasser classique, le Calor Cube permet un d\u00e9froissage et repassage vertical, le tout dans un format mobile et pratique qui garantit une puissance de vapeur purifiante dans chaque pi\u00e8ce de votre maison. Particuli\u00e8rement puissante, la centrale vapeur format mobile d&#8217;une port\u00e9e de 4,8 m et sa poign\u00e9e assure un mouvement fluide.<\/p>\n<h2>Le Calor IXEO allie flexiblit\u00e9 et facilit\u00e9 d\u2019utilisation<\/h2>\n<p><img loading=\"lazy\" decoding=\"async\" class=\"aligncenter size-large wp-image-28854\" src=\"https:\/\/elektrozine.be\/wp-content\/uploads\/2021\/07\/unnamed-2-683x1024.jpg\" alt=\"\" width=\"683\" height=\"1024\" srcset=\"https:\/\/elektrozine.be\/wp-content\/uploads\/2021\/07\/unnamed-2-683x1024.jpg 683w, https:\/\/elektrozine.be\/wp-content\/uploads\/2021\/07\/unnamed-2-200x300.jpg 200w, https:\/\/elektrozine.be\/wp-content\/uploads\/2021\/07\/unnamed-2-100x150.jpg 100w, https:\/\/elektrozine.be\/wp-content\/uploads\/2021\/07\/unnamed-2-696x1044.jpg 696w, https:\/\/elektrozine.be\/wp-content\/uploads\/2021\/07\/unnamed-2-280x420.jpg 280w, https:\/\/elektrozine.be\/wp-content\/uploads\/2021\/07\/unnamed-2.jpg 800w\" sizes=\"auto, (max-width: 683px) 100vw, 683px\" \/><\/p>\n<p>Avec un design ergonomique qui permet aussi bien une position verticale, horizontale ou \u00e0 30\u00b0, le <a href=\"https:\/\/niwzi.be\/index.php?route=product\/product&amp;product_id=485354\" target=\"_blank\" rel=\"noopener\">Calor IXEO<\/a> et sa planche Smart Board allie confort et flexibilit\u00e9. La centrale de d\u00e9froissage Calor IXEO propose une technologie \u00e0 haute pression et est facile d\u2019utilisation gr\u00e2ce \u00e0 une t\u00eate de fer \u00e0 repasser ultra-l\u00e9g\u00e8re.<\/p>\n<p>La puissance intense de la vapeur \u00e9limine jusqu\u2019\u00e0 99,99 % des virus, germes et bact\u00e9ries rafra\u00eechissant et neutralisant les odeurs en d\u00e9froissant, pour des v\u00eatements frais \u00e0 l\u2019hygi\u00e8ne impeccable.<\/p>\n<h2>Pro Style Care, un d\u00e9froissage de qualit\u00e9 professionnelle \u00e0 port\u00e9e de tous<\/h2>\n<p><img loading=\"lazy\" decoding=\"async\" class=\"aligncenter size-large wp-image-28852\" src=\"https:\/\/elektrozine.be\/wp-content\/uploads\/2021\/07\/unnamed-3-667x1024.jpg\" alt=\"\" width=\"667\" height=\"1024\" srcset=\"https:\/\/elektrozine.be\/wp-content\/uploads\/2021\/07\/unnamed-3-667x1024.jpg 667w, https:\/\/elektrozine.be\/wp-content\/uploads\/2021\/07\/unnamed-3-196x300.jpg 196w, https:\/\/elektrozine.be\/wp-content\/uploads\/2021\/07\/unnamed-3-98x150.jpg 98w, https:\/\/elektrozine.be\/wp-content\/uploads\/2021\/07\/unnamed-3-696x1068.jpg 696w, https:\/\/elektrozine.be\/wp-content\/uploads\/2021\/07\/unnamed-3-274x420.jpg 274w, https:\/\/elektrozine.be\/wp-content\/uploads\/2021\/07\/unnamed-3.jpg 782w\" sizes=\"auto, (max-width: 667px) 100vw, 667px\" \/><\/p>\n<p>Le syst\u00e8me de support vertical Steam&amp;Press du <a href=\"https:\/\/niwzi.be\/index.php?route=product\/product&amp;product_id=335964\" target=\"_blank\" rel=\"noopener\">Pro Style Care<\/a> propose une double action : non seulement un d\u00e9froissage \u00e0 une main ultra-simple et confortable, mais \u00e9galement des r\u00e9sultats de d\u00e9froissage professionnels.<\/p>\n<p>Les commandes sur la poign\u00e9e donnent acc\u00e8s \u00e0 quatre r\u00e9glages vapeur qui d\u00e9froissent efficacement et en toute s\u00e9curit\u00e9 tous types de tissus, le tout avec un temps de chauffe court de 45 secondes.<\/p>\n<p>&nbsp;<\/p>\n<p>&nbsp;<\/p>\n<p>&nbsp;<\/p>\n","protected":false},"excerpt":{"rendered":"<p>Nu 40% van de Belgen zegt zijn kleren minstens eenmaal per week te strijken, worden de verwachtingen en eisen van de gebruikers steeds hoger: een trend waar de nieuwe generatie ontkreukers van Calor op inspeelt.<\/p>\n","protected":false},"author":9,"featured_media":28850,"comment_status":"open","ping_status":"closed","sticky":false,"template":"","format":"standard","meta":{"tdm_status":"","tdm_grid_status":"","footnotes":""},"categories":[1145],"tags":[1370,2420],"class_list":{"0":"post-28859","1":"post","2":"type-post","3":"status-publish","4":"format-standard","5":"has-post-thumbnail","7":"category-fer-a-repasser","8":"tag-calor-fr","9":"tag-stoomreiniger-fr"},"yoast_head":"<!-- This site is optimized with the Yoast SEO plugin v26.2 - https:\/\/yoast.com\/wordpress\/plugins\/seo\/ -->\n<title>La nouvelle g\u00e9n\u00e9ration de d\u00e9froisseurs Calor<\/title>\n<meta name=\"robots\" content=\"index, follow, max-snippet:-1, max-image-preview:large, max-video-preview:-1\" \/>\n<link rel=\"canonical\" href=\"https:\/\/elektrozine.be\/fr\/de-nieuwe-generatie-kledingstomers-van-calor\/\" \/>\n<meta property=\"og:locale\" content=\"fr_FR\" \/>\n<meta property=\"og:type\" content=\"article\" \/>\n<meta property=\"og:title\" content=\"La nouvelle g\u00e9n\u00e9ration de d\u00e9froisseurs Calor\" \/>\n<meta property=\"og:description\" content=\"Nu 40% van de Belgen zegt zijn kleren minstens eenmaal per week te strijken, worden de verwachtingen en eisen van de gebruikers steeds hoger: een trend waar de nieuwe generatie ontkreukers van Calor op inspeelt.\" \/>\n<meta property=\"og:url\" content=\"https:\/\/elektrozine.be\/fr\/de-nieuwe-generatie-kledingstomers-van-calor\/\" \/>\n<meta property=\"og:site_name\" content=\"elektrozine.be\" \/>\n<meta property=\"article:publisher\" content=\"https:\/\/www.facebook.com\/elektrozine\/\" \/>\n<meta property=\"article:published_time\" content=\"2021-07-10T13:07:00+00:00\" \/>\n<meta property=\"article:modified_time\" content=\"2021-10-08T13:23:01+00:00\" \/>\n<meta property=\"og:image\" content=\"https:\/\/elektrozine.be\/wp-content\/uploads\/2021\/07\/unnamed.jpg\" \/>\n\t<meta property=\"og:image:width\" content=\"1050\" \/>\n\t<meta property=\"og:image:height\" content=\"1575\" \/>\n\t<meta property=\"og:image:type\" content=\"image\/jpeg\" \/>\n<meta name=\"author\" content=\"Redactie Elektrozine\" \/>\n<meta name=\"twitter:card\" content=\"summary_large_image\" \/>\n<meta name=\"twitter:creator\" content=\"@elektrozine\" \/>\n<meta name=\"twitter:site\" content=\"@elektrozine\" \/>\n<meta name=\"twitter:label1\" content=\"Written by\" \/>\n\t<meta name=\"twitter:data1\" content=\"Redactie Elektrozine\" \/>\n\t<meta name=\"twitter:label2\" content=\"Est. reading time\" \/>\n\t<meta name=\"twitter:data2\" content=\"3 minutes\" \/>\n<script type=\"application\/ld+json\" class=\"yoast-schema-graph\">{\"@context\":\"https:\/\/schema.org\",\"@graph\":[{\"@type\":\"WebPage\",\"@id\":\"https:\/\/elektrozine.be\/fr\/de-nieuwe-generatie-kledingstomers-van-calor\/\",\"url\":\"https:\/\/elektrozine.be\/fr\/de-nieuwe-generatie-kledingstomers-van-calor\/\",\"name\":\"La nouvelle g\u00e9n\u00e9ration de d\u00e9froisseurs Calor\",\"isPartOf\":{\"@id\":\"https:\/\/elektrozine.be\/#website\"},\"primaryImageOfPage\":{\"@id\":\"https:\/\/elektrozine.be\/fr\/de-nieuwe-generatie-kledingstomers-van-calor\/#primaryimage\"},\"image\":{\"@id\":\"https:\/\/elektrozine.be\/fr\/de-nieuwe-generatie-kledingstomers-van-calor\/#primaryimage\"},\"thumbnailUrl\":\"https:\/\/elektrozine.be\/wp-content\/uploads\/2021\/07\/unnamed.jpg\",\"datePublished\":\"2021-07-10T13:07:00+00:00\",\"dateModified\":\"2021-10-08T13:23:01+00:00\",\"author\":{\"@id\":\"https:\/\/elektrozine.be\/#\/schema\/person\/ba5f364ae28c45df1f572baead0d218e\"},\"breadcrumb\":{\"@id\":\"https:\/\/elektrozine.be\/fr\/de-nieuwe-generatie-kledingstomers-van-calor\/#breadcrumb\"},\"inLanguage\":\"fr-fr\",\"potentialAction\":[{\"@type\":\"ReadAction\",\"target\":[\"https:\/\/elektrozine.be\/fr\/de-nieuwe-generatie-kledingstomers-van-calor\/\"]}]},{\"@type\":\"ImageObject\",\"inLanguage\":\"fr-fr\",\"@id\":\"https:\/\/elektrozine.be\/fr\/de-nieuwe-generatie-kledingstomers-van-calor\/#primaryimage\",\"url\":\"https:\/\/elektrozine.be\/wp-content\/uploads\/2021\/07\/unnamed.jpg\",\"contentUrl\":\"https:\/\/elektrozine.be\/wp-content\/uploads\/2021\/07\/unnamed.jpg\",\"width\":1050,\"height\":1575},{\"@type\":\"BreadcrumbList\",\"@id\":\"https:\/\/elektrozine.be\/fr\/de-nieuwe-generatie-kledingstomers-van-calor\/#breadcrumb\",\"itemListElement\":[{\"@type\":\"ListItem\",\"position\":1,\"name\":\"Home\",\"item\":\"https:\/\/elektrozine.be\/fr\/\"},{\"@type\":\"ListItem\",\"position\":2,\"name\":\"La nouvelle g\u00e9n\u00e9ration de d\u00e9froisseurs Calor\"}]},{\"@type\":\"WebSite\",\"@id\":\"https:\/\/elektrozine.be\/#website\",\"url\":\"https:\/\/elektrozine.be\/\",\"name\":\"elektrozine.be\",\"description\":\"All the stuff you need\",\"potentialAction\":[{\"@type\":\"SearchAction\",\"target\":{\"@type\":\"EntryPoint\",\"urlTemplate\":\"https:\/\/elektrozine.be\/?s={search_term_string}\"},\"query-input\":{\"@type\":\"PropertyValueSpecification\",\"valueRequired\":true,\"valueName\":\"search_term_string\"}}],\"inLanguage\":\"fr-fr\"},{\"@type\":\"Person\",\"@id\":\"https:\/\/elektrozine.be\/#\/schema\/person\/ba5f364ae28c45df1f572baead0d218e\",\"name\":\"Redactie Elektrozine\",\"image\":{\"@type\":\"ImageObject\",\"inLanguage\":\"fr-fr\",\"@id\":\"https:\/\/elektrozine.be\/#\/schema\/person\/image\/\",\"url\":\"https:\/\/secure.gravatar.com\/avatar\/ceafec4de72fd0166227f951ff778042c3eeb9dde49f7a539ea54750a6ed561e?s=96&d=mm&r=g\",\"contentUrl\":\"https:\/\/secure.gravatar.com\/avatar\/ceafec4de72fd0166227f951ff778042c3eeb9dde49f7a539ea54750a6ed561e?s=96&d=mm&r=g\",\"caption\":\"Redactie Elektrozine\"},\"url\":\"https:\/\/elektrozine.be\/fr\/author\/sofie-bruneel\/\"}]}<\/script>\n<!-- \/ Yoast SEO plugin. -->","yoast_head_json":{"title":"La nouvelle g\u00e9n\u00e9ration de d\u00e9froisseurs Calor","robots":{"index":"index","follow":"follow","max-snippet":"max-snippet:-1","max-image-preview":"max-image-preview:large","max-video-preview":"max-video-preview:-1"},"canonical":"https:\/\/elektrozine.be\/fr\/de-nieuwe-generatie-kledingstomers-van-calor\/","og_locale":"fr_FR","og_type":"article","og_title":"La nouvelle g\u00e9n\u00e9ration de d\u00e9froisseurs Calor","og_description":"Nu 40% van de Belgen zegt zijn kleren minstens eenmaal per week te strijken, worden de verwachtingen en eisen van de gebruikers steeds hoger: een trend waar de nieuwe generatie ontkreukers van Calor op inspeelt.","og_url":"https:\/\/elektrozine.be\/fr\/de-nieuwe-generatie-kledingstomers-van-calor\/","og_site_name":"elektrozine.be","article_publisher":"https:\/\/www.facebook.com\/elektrozine\/","article_published_time":"2021-07-10T13:07:00+00:00","article_modified_time":"2021-10-08T13:23:01+00:00","og_image":[{"width":1050,"height":1575,"url":"https:\/\/elektrozine.be\/wp-content\/uploads\/2021\/07\/unnamed.jpg","type":"image\/jpeg"}],"author":"Redactie Elektrozine","twitter_card":"summary_large_image","twitter_creator":"@elektrozine","twitter_site":"@elektrozine","twitter_misc":{"Written by":"Redactie Elektrozine","Est. reading time":"3 minutes"},"schema":{"@context":"https:\/\/schema.org","@graph":[{"@type":"WebPage","@id":"https:\/\/elektrozine.be\/fr\/de-nieuwe-generatie-kledingstomers-van-calor\/","url":"https:\/\/elektrozine.be\/fr\/de-nieuwe-generatie-kledingstomers-van-calor\/","name":"La nouvelle g\u00e9n\u00e9ration de d\u00e9froisseurs Calor","isPartOf":{"@id":"https:\/\/elektrozine.be\/#website"},"primaryImageOfPage":{"@id":"https:\/\/elektrozine.be\/fr\/de-nieuwe-generatie-kledingstomers-van-calor\/#primaryimage"},"image":{"@id":"https:\/\/elektrozine.be\/fr\/de-nieuwe-generatie-kledingstomers-van-calor\/#primaryimage"},"thumbnailUrl":"https:\/\/elektrozine.be\/wp-content\/uploads\/2021\/07\/unnamed.jpg","datePublished":"2021-07-10T13:07:00+00:00","dateModified":"2021-10-08T13:23:01+00:00","author":{"@id":"https:\/\/elektrozine.be\/#\/schema\/person\/ba5f364ae28c45df1f572baead0d218e"},"breadcrumb":{"@id":"https:\/\/elektrozine.be\/fr\/de-nieuwe-generatie-kledingstomers-van-calor\/#breadcrumb"},"inLanguage":"fr-fr","potentialAction":[{"@type":"ReadAction","target":["https:\/\/elektrozine.be\/fr\/de-nieuwe-generatie-kledingstomers-van-calor\/"]}]},{"@type":"ImageObject","inLanguage":"fr-fr","@id":"https:\/\/elektrozine.be\/fr\/de-nieuwe-generatie-kledingstomers-van-calor\/#primaryimage","url":"https:\/\/elektrozine.be\/wp-content\/uploads\/2021\/07\/unnamed.jpg","contentUrl":"https:\/\/elektrozine.be\/wp-content\/uploads\/2021\/07\/unnamed.jpg","width":1050,"height":1575},{"@type":"BreadcrumbList","@id":"https:\/\/elektrozine.be\/fr\/de-nieuwe-generatie-kledingstomers-van-calor\/#breadcrumb","itemListElement":[{"@type":"ListItem","position":1,"name":"Home","item":"https:\/\/elektrozine.be\/fr\/"},{"@type":"ListItem","position":2,"name":"La nouvelle g\u00e9n\u00e9ration de d\u00e9froisseurs Calor"}]},{"@type":"WebSite","@id":"https:\/\/elektrozine.be\/#website","url":"https:\/\/elektrozine.be\/","name":"elektrozine.be","description":"All the stuff you need","potentialAction":[{"@type":"SearchAction","target":{"@type":"EntryPoint","urlTemplate":"https:\/\/elektrozine.be\/?s={search_term_string}"},"query-input":{"@type":"PropertyValueSpecification","valueRequired":true,"valueName":"search_term_string"}}],"inLanguage":"fr-fr"},{"@type":"Person","@id":"https:\/\/elektrozine.be\/#\/schema\/person\/ba5f364ae28c45df1f572baead0d218e","name":"Redactie Elektrozine","image":{"@type":"ImageObject","inLanguage":"fr-fr","@id":"https:\/\/elektrozine.be\/#\/schema\/person\/image\/","url":"https:\/\/secure.gravatar.com\/avatar\/ceafec4de72fd0166227f951ff778042c3eeb9dde49f7a539ea54750a6ed561e?s=96&d=mm&r=g","contentUrl":"https:\/\/secure.gravatar.com\/avatar\/ceafec4de72fd0166227f951ff778042c3eeb9dde49f7a539ea54750a6ed561e?s=96&d=mm&r=g","caption":"Redactie Elektrozine"},"url":"https:\/\/elektrozine.be\/fr\/author\/sofie-bruneel\/"}]}},"amp_enabled":true,"_links":{"self":[{"href":"https:\/\/elektrozine.be\/fr\/wp-json\/wp\/v2\/posts\/28859\/"}],"collection":[{"href":"https:\/\/elektrozine.be\/fr\/wp-json\/wp\/v2\/posts\/"}],"about":[{"href":"https:\/\/elektrozine.be\/fr\/wp-json\/wp\/v2\/types\/post\/"}],"author":[{"embeddable":true,"href":"https:\/\/elektrozine.be\/fr\/wp-json\/wp\/v2\/users\/9\/"}],"replies":[{"embeddable":true,"href":"https:\/\/elektrozine.be\/fr\/wp-json\/wp\/v2\/comments\/?post=28859"}],"version-history":[{"count":2,"href":"https:\/\/elektrozine.be\/fr\/wp-json\/wp\/v2\/posts\/28859\/revisions\/"}],"predecessor-version":[{"id":28861,"href":"https:\/\/elektrozine.be\/fr\/wp-json\/wp\/v2\/posts\/28859\/revisions\/28861\/"}],"wp:featuredmedia":[{"embeddable":true,"href":"https:\/\/elektrozine.be\/fr\/wp-json\/wp\/v2\/media\/28850\/"}],"wp:attachment":[{"href":"https:\/\/elektrozine.be\/fr\/wp-json\/wp\/v2\/media\/?parent=28859"}],"wp:term":[{"taxonomy":"category","embeddable":true,"href":"https:\/\/elektrozine.be\/fr\/wp-json\/wp\/v2\/categories\/?post=28859"},{"taxonomy":"post_tag","embeddable":true,"href":"https:\/\/elektrozine.be\/fr\/wp-json\/wp\/v2\/tags\/?post=28859"}],"curies":[{"name":"wp","href":"https:\/\/api.w.org\/{rel}","templated":true}]}}