{"id":18557,"date":"2017-03-28T10:43:35","date_gmt":"2017-03-28T09:43:35","guid":{"rendered":"http:\/\/elektrozine.be\/voici-les-televiseurs-oled-de-lg-en-2017\/"},"modified":"2017-05-22T10:14:34","modified_gmt":"2017-05-22T09:14:34","slug":"voici-les-televiseurs-oled-de-lg-en-2017","status":"publish","type":"post","link":"https:\/\/elektrozine.be\/fr\/voici-les-televiseurs-oled-de-lg-en-2017\/","title":{"rendered":"Voici les t\u00e9l\u00e9viseurs OLED de LG en 2017"},"content":{"rendered":"<p>En 2017, la nouvelle gamme de t\u00e9l\u00e9viseurs OLED de LG se compose de neuf mod\u00e8les diff\u00e9rents, r\u00e9partis dans cinq gammes.<\/p>\n<p>Aucune diff\u00e9rence de qualit\u00e9 d&#8217;image n&#8217;est constat\u00e9e entre les quatre gammes 4K Ultra HD, W7, G7, E7 et C7. En effet, tous les \u00e9crans OLED et la technologie et le logiciel d&#8217;imagerie utilis\u00e9s sont totalement identiques sur tous les mod\u00e8les. La qualit\u00e9 d&#8217;image OLED est donc identique pour tous les mod\u00e8les.<\/p>\n<p>Les nouveaux \u00e9crans OLED de 2017 &#8211; appartenant entre-temps \u00e0 la sixi\u00e8me g\u00e9n\u00e9ration &#8211; poss\u00e8dent une luminosit\u00e9 maximale de 1000 nits, \u00e0 savoir 25% de plus que l&#8217;ann\u00e9e derni\u00e8re. De m\u00eame, la gamme de couleurs est l\u00e9g\u00e8rement sup\u00e9rieure \u00e0 celle de l&#8217;ann\u00e9e derni\u00e8re et atteint d\u00e9sormais 99% de la norme DCI-P3. Selon Jeroen Peeters de LG, la dur\u00e9e de vie s&#8217;\u00e9l\u00e8ve d\u00e9sormais \u00e0 60.000 heures.<\/p>\n<h2>HDR : totalement pr\u00e9par\u00e9e pour le futur<\/h2>\n<p>Toutes les normes HDR sont support\u00e9es et les t\u00e9l\u00e9viseurs de LG sont donc totalement pr\u00e9par\u00e9s pour le futur en ce qui concerne le HDR. Le HDR10 et le Dolby Vision sont support\u00e9s, \u00e0 l&#8217;instar de Hybrid Log Gamma (HLG) pour les \u00e9missions t\u00e9l\u00e9vis\u00e9es avec HDR, et le tout nouveau Advanced HDR de Technicolor. Si ces derni\u00e8res normes devaient \u00eatre couronn\u00e9es de succ\u00e8s, LG pourrait proposer ce format via une simple mise \u00e0 jour du micrologiciel.<\/p>\n<h2>Diff\u00e9rence entre les t\u00e9l\u00e9viseurs OLED<\/h2>\n<p>Les diff\u00e9rences se situent essentiellement au niveau du design et de la qualit\u00e9 sonore. Le mod\u00e8le W7\u00a0se distingue particuli\u00e8rement. La finesse de son profil est impressionnante : l&#8217;\u00e9paisseur de l&#8217;\u00e9cran du mod\u00e8le en 65 pouces n&#8217;atteint que 2,57 mm. De plus, le t\u00e9l\u00e9viseur peut \u00eatre directement suspendu sur le mur \u00e0 l&#8217;aide d&#8217;aimants.<\/p>\n<p>Mais le design Picture-on-Glass des mod\u00e8les G7 et E7 est peut-\u00eatre pr\u00e9f\u00e9rable. L&#8217;\u00e9cran OLED de ces mod\u00e8les est directement fix\u00e9 \u00e0 l&#8217;\u00e9cran.<\/p>\n<p>Tous les t\u00e9l\u00e9viseurs OLED sont non seulement compatibles avec le Dolby Vision, mais \u00e9galement avec la solution sonore de la soci\u00e9t\u00e9 am\u00e9ricaine, \u00e0 savoir Dolby Atmos. La mani\u00e8re dont ce format sonore est propos\u00e9 d\u00e9pend du mod\u00e8le de t\u00e9l\u00e9viseur de LG. Via une barre de son ind\u00e9pendante comme sur le mod\u00e8le W7V ou via un pied de support avec barre de son comme sur les mod\u00e8les G7, C7 et E7.<\/p>\n<p>Si n\u00e9cessaire une barre de son ind\u00e9pendante et adaptable, la SJ9, peut \u00eatre acquise pour les mod\u00e8les C7 et E7. En fait, vous remplacez la base standard par un pied comportant une barre de son.<\/p>\n<p>Le design Picture-on-Glass est indisponible sur le mod\u00e8le C7 et est remplac\u00e9 par ce que LG appelle le Blade Slim.<\/p>\n<p>Une cinqui\u00e8me gamme compl\u00e8te les t\u00e9l\u00e9viseurs OLED de 2017, \u00e0 savoir la gamme EG9A7V. Il s&#8217;agit en fait d&#8217;une nouvelle d\u00e9nomination de la gamme 55EG910V qui est d\u00e9j\u00e0 commercialis\u00e9e depuis quelques ann\u00e9es. La gamme EG9A7V n&#8217;affiche que le Full HD. 4K Ultra HD et HDR sont donc indisponibles.<\/p>\n<h2>WebOS 3.5<\/h2>\n<p>Tous les t\u00e9l\u00e9viseurs LG disposent en 2017 de la plate-forme TV intelligente webOS 3.5, \u00e0 l&#8217;exception de la gamme EG9A7V. LG ne commercialise plus de t\u00e9l\u00e9viseurs aux \u00e9crans incurv\u00e9s ou courbes dans le Benelux. Selon Jeroen Peeters, la demande de tels \u00e9crans est en effet faible.<\/p>\n<h2>W7V OLED 4K<\/h2>\n<p><img loading=\"lazy\" decoding=\"async\" class=\"aligncenter size-full wp-image-18291\" src=\"http:\/\/elektrozine.be\/wp-content\/uploads\/2017\/03\/OLEDW7V.jpg\" alt=\"OLEDW7V\" width=\"940\" height=\"620\" srcset=\"https:\/\/elektrozine.be\/wp-content\/uploads\/2017\/03\/OLEDW7V.jpg 940w, https:\/\/elektrozine.be\/wp-content\/uploads\/2017\/03\/OLEDW7V-150x99.jpg 150w, https:\/\/elektrozine.be\/wp-content\/uploads\/2017\/03\/OLEDW7V-300x198.jpg 300w, https:\/\/elektrozine.be\/wp-content\/uploads\/2017\/03\/OLEDW7V-696x459.jpg 696w, https:\/\/elektrozine.be\/wp-content\/uploads\/2017\/03\/OLEDW7V-637x420.jpg 637w\" sizes=\"auto, (max-width: 940px) 100vw, 940px\" \/><strong><em>Formats d&#8217;\u00e9crans :<\/em><\/strong> 65 pouces (OLED65W7) et 77 pouces (OLED77W7V)<br \/>\n<em><strong>Disponibilit\u00e9 :<\/strong><\/em> Le mod\u00e8le W7 sera disponible \u00e0 partir du mois de mai dans plusieurs magasins s\u00e9lectionn\u00e9s.<\/p>\n<p><strong><em>Sp\u00e9cifications :<\/em><\/strong> Pic\u00adtu\u00adre-on-Wall, \u00e9paisseur de 2,75mm, barre son 60W Dol\u00adby Atmos 4.2 , HDR actif avec Dol\u00adby Visi\u00adon, Black Fil\u00adter, \u00e9cran 10-bit, WebOS 3.5, Couleurs parfaites, Pixel Dim\u00adming, Magic Remo\u00adte (1 premium et 1 compact)<\/p>\n\r\n                <div id='position_image_loading_byid_188838284' style='text-align: center;padding: 20px;'><img src='https:\/\/elektrozine.be\/wp-content\/themes\/Newspaper\/images\/ajax-loader.gif' \/><\/div>\r\n                <div id='position_display_data_byid_188838284'><div style='text-align:center;padding:15px;border:1px solid #ccc;display:none'>Klik <a style='cursor: pointer'>hier<\/a> om producten in te laden<\/div><\/div>\r\n                <script>        \r\n                jQuery(document).ready(function(){  \r\n                    jQuery('#position_display_data_byid_188838284').find('a').click(function(){callReload({\"action\":\"load_getproducts_by_id\",\"id\":\"246138\",\"title\":\"\",\"description\":\"\",\"order\":\"\",\"view\":\"\",\"divid\":188838284}, 'position_display_data_byid_188838284','position_image_loading_byid_188838284');})       \r\n                    callReload({\"action\":\"load_getproducts_by_id\",\"id\":\"246138\",\"title\":\"\",\"description\":\"\",\"order\":\"\",\"view\":\"\",\"divid\":188838284}, 'position_display_data_byid_188838284','position_image_loading_byid_188838284');\r\n                });\r\n            <\/script>\r\n            \n<h2>G7V OLED 4K<\/h2>\n<p><img loading=\"lazy\" decoding=\"async\" class=\"aligncenter size-full wp-image-18292\" src=\"http:\/\/elektrozine.be\/wp-content\/uploads\/2017\/03\/OLED77G7V.jpg\" alt=\"OLED77G7V\" width=\"940\" height=\"620\" srcset=\"https:\/\/elektrozine.be\/wp-content\/uploads\/2017\/03\/OLED77G7V.jpg 940w, https:\/\/elektrozine.be\/wp-content\/uploads\/2017\/03\/OLED77G7V-150x99.jpg 150w, https:\/\/elektrozine.be\/wp-content\/uploads\/2017\/03\/OLED77G7V-300x198.jpg 300w, https:\/\/elektrozine.be\/wp-content\/uploads\/2017\/03\/OLED77G7V-696x459.jpg 696w, https:\/\/elektrozine.be\/wp-content\/uploads\/2017\/03\/OLED77G7V-637x420.jpg 637w\" sizes=\"auto, (max-width: 940px) 100vw, 940px\" \/><em><strong>Formats d&#8217;\u00e9crans :<\/strong> <\/em>65 pouces (OLED65G7V) et 77 pouces (OLED77G7V)<br \/>\n<strong><em>Sp\u00e9cifications :<\/em><\/strong> Pic\u00adtu\u00adre-on-Glass, barre de son 60\/80W Dol\u00adby Atmos 4.2, HDR actif avec Dol\u00adby Visi\u00adon, Black Fil\u00adter, \u00e9cran 10-bit, WebOS 3.5, Couleurs parfaites, Pixel Dim\u00adming, Magic Remo\u00adte (1 premium et 1 compact)<\/p>\n\r\n                <div id='position_image_loading_byid_1116464481' style='text-align: center;padding: 20px;'><img src='https:\/\/elektrozine.be\/wp-content\/themes\/Newspaper\/images\/ajax-loader.gif' \/><\/div>\r\n                <div id='position_display_data_byid_1116464481'><div style='text-align:center;padding:15px;border:1px solid #ccc;display:none'>Klik <a style='cursor: pointer'>hier<\/a> om producten in te laden<\/div><\/div>\r\n                <script>        \r\n                jQuery(document).ready(function(){  \r\n                    jQuery('#position_display_data_byid_1116464481').find('a').click(function(){callReload({\"action\":\"load_getproducts_by_id\",\"id\":\"246393,246140\",\"title\":\"\",\"description\":\"\",\"order\":\"\",\"view\":\"\",\"divid\":1116464481}, 'position_display_data_byid_1116464481','position_image_loading_byid_1116464481');})       \r\n                    callReload({\"action\":\"load_getproducts_by_id\",\"id\":\"246393,246140\",\"title\":\"\",\"description\":\"\",\"order\":\"\",\"view\":\"\",\"divid\":1116464481}, 'position_display_data_byid_1116464481','position_image_loading_byid_1116464481');\r\n                });\r\n            <\/script>\r\n            \n<h2>E7V\/N OLED 4K<\/h2>\n<p><img loading=\"lazy\" decoding=\"async\" class=\"aligncenter size-full wp-image-18293\" src=\"http:\/\/elektrozine.be\/wp-content\/uploads\/2017\/03\/OLED55E7N.jpg\" alt=\"OLED55E7N\" width=\"940\" height=\"620\" srcset=\"https:\/\/elektrozine.be\/wp-content\/uploads\/2017\/03\/OLED55E7N.jpg 940w, https:\/\/elektrozine.be\/wp-content\/uploads\/2017\/03\/OLED55E7N-150x99.jpg 150w, https:\/\/elektrozine.be\/wp-content\/uploads\/2017\/03\/OLED55E7N-300x198.jpg 300w, https:\/\/elektrozine.be\/wp-content\/uploads\/2017\/03\/OLED55E7N-696x459.jpg 696w, https:\/\/elektrozine.be\/wp-content\/uploads\/2017\/03\/OLED55E7N-637x420.jpg 637w\" sizes=\"auto, (max-width: 940px) 100vw, 940px\" \/><em><strong>Formats d&#8217;\u00e9crans :<\/strong><\/em> 55 pouces (OLED55E7N) et 65 pouces (OLED65E7V)<br \/>\n<em><strong>Sp\u00e9cifications :<\/strong><\/em> Pic\u00adtu\u00adre-on-Glass, barre de son 60W Dol\u00adby Atmos 4.2 (65 pouces) et barre de son 40W Dol\u00adby Atmos 2.2 (55 pouces), HDR actif avec Dol\u00adby Visi\u00adon, Black Fil\u00adter, \u00e9cran 10-bit, WebOS 3.5, couleurs parfaites, Pixel Dim\u00adming, Magic Remo\u00adte (1 premium et 1 compact)<\/p>\n<h2>C7V OLED 4K<\/h2>\n<p><img loading=\"lazy\" decoding=\"async\" class=\"aligncenter size-full wp-image-18294\" src=\"http:\/\/elektrozine.be\/wp-content\/uploads\/2017\/03\/OLED65C7V.jpg\" alt=\"\" width=\"940\" height=\"620\" srcset=\"https:\/\/elektrozine.be\/wp-content\/uploads\/2017\/03\/OLED65C7V.jpg 940w, https:\/\/elektrozine.be\/wp-content\/uploads\/2017\/03\/OLED65C7V-150x99.jpg 150w, https:\/\/elektrozine.be\/wp-content\/uploads\/2017\/03\/OLED65C7V-300x198.jpg 300w, https:\/\/elektrozine.be\/wp-content\/uploads\/2017\/03\/OLED65C7V-696x459.jpg 696w, https:\/\/elektrozine.be\/wp-content\/uploads\/2017\/03\/OLED65C7V-637x420.jpg 637w\" sizes=\"auto, (max-width: 940px) 100vw, 940px\" \/><strong><em>Formats d&#8217;\u00e9crans :<\/em><\/strong> 55 pouces (OLED55C7V) et 65 pouces (OLED65C7V)<br \/>\n<strong><em>Sp\u00e9cifications :<\/em><\/strong> 40W Dol\u00adby Atmos 2.2 compatible avec TV Perfect Fit Kit, HDR actif avec Dol\u00adby Visi\u00adon, Black Fil\u00adter, \u00e9cran 10-bit, WebOS 3.5, Couleurs parfaites, Pixel Dim\u00adming, Magic Remo\u00adte.<\/p>\n\r\n                <div id='position_image_loading_byid_1171838372' style='text-align: center;padding: 20px;'><img src='https:\/\/elektrozine.be\/wp-content\/themes\/Newspaper\/images\/ajax-loader.gif' \/><\/div>\r\n                <div id='position_display_data_byid_1171838372'><div style='text-align:center;padding:15px;border:1px solid #ccc;display:none'>Klik <a style='cursor: pointer'>hier<\/a> om producten in te laden<\/div><\/div>\r\n                <script>        \r\n                jQuery(document).ready(function(){  \r\n                    jQuery('#position_display_data_byid_1171838372').find('a').click(function(){callReload({\"action\":\"load_getproducts_by_id\",\"id\":\"246354,246141\",\"title\":\"\",\"description\":\"\",\"order\":\"\",\"view\":\"\",\"divid\":1171838372}, 'position_display_data_byid_1171838372','position_image_loading_byid_1171838372');})       \r\n                    callReload({\"action\":\"load_getproducts_by_id\",\"id\":\"246354,246141\",\"title\":\"\",\"description\":\"\",\"order\":\"\",\"view\":\"\",\"divid\":1171838372}, 'position_display_data_byid_1171838372','position_image_loading_byid_1171838372');\r\n                });\r\n            <\/script>\r\n            \n","protected":false},"excerpt":{"rendered":"<p>En 2017, la nouvelle gamme de t\u00e9l\u00e9viseurs OLED de LG se compose de neuf mod\u00e8les diff\u00e9rents, r\u00e9partis dans cinq gammes.<\/p>\n","protected":false},"author":3,"featured_media":18296,"comment_status":"open","ping_status":"closed","sticky":false,"template":"","format":"standard","meta":{"tdm_status":"","tdm_grid_status":"","footnotes":""},"categories":[1123],"tags":[1199,1200],"class_list":{"0":"post-18557","1":"post","2":"type-post","3":"status-publish","4":"format-standard","5":"has-post-thumbnail","7":"category-televiseur","8":"tag-lg-fr-2","9":"tag-televiseur-oled"},"yoast_head":"<!-- This site is optimized with the Yoast SEO plugin v26.2 - https:\/\/yoast.com\/wordpress\/plugins\/seo\/ -->\n<title>Voici les t\u00e9l\u00e9viseurs OLED de LG en 2017<\/title>\n<meta name=\"robots\" content=\"index, follow, max-snippet:-1, max-image-preview:large, max-video-preview:-1\" \/>\n<link rel=\"canonical\" href=\"https:\/\/elektrozine.be\/fr\/voici-les-televiseurs-oled-de-lg-en-2017\/\" \/>\n<meta property=\"og:locale\" content=\"fr_FR\" \/>\n<meta property=\"og:type\" content=\"article\" \/>\n<meta property=\"og:title\" content=\"Voici les t\u00e9l\u00e9viseurs OLED de LG en 2017\" \/>\n<meta property=\"og:description\" content=\"En 2017, la nouvelle gamme de t\u00e9l\u00e9viseurs OLED de LG se compose de neuf mod\u00e8les diff\u00e9rents, r\u00e9partis dans cinq gammes.\" \/>\n<meta property=\"og:url\" content=\"https:\/\/elektrozine.be\/fr\/voici-les-televiseurs-oled-de-lg-en-2017\/\" \/>\n<meta property=\"og:site_name\" content=\"elektrozine.be\" \/>\n<meta property=\"article:publisher\" content=\"https:\/\/www.facebook.com\/elektrozine\/\" \/>\n<meta property=\"article:published_time\" content=\"2017-03-28T09:43:35+00:00\" \/>\n<meta property=\"article:modified_time\" content=\"2017-05-22T09:14:34+00:00\" \/>\n<meta property=\"og:image\" content=\"https:\/\/elektrozine.be\/wp-content\/uploads\/2017\/03\/LG-SIGNATURE-OLED-TV-W_Lifestyle2.jpg\" \/>\n\t<meta property=\"og:image:width\" content=\"1319\" \/>\n\t<meta property=\"og:image:height\" content=\"811\" \/>\n\t<meta property=\"og:image:type\" content=\"image\/jpeg\" \/>\n<meta name=\"author\" content=\"Ruud Van Der Heyden\" \/>\n<meta name=\"twitter:card\" content=\"summary_large_image\" \/>\n<meta name=\"twitter:creator\" content=\"@elektrozine\" \/>\n<meta name=\"twitter:site\" content=\"@elektrozine\" \/>\n<meta name=\"twitter:label1\" content=\"Written by\" \/>\n\t<meta name=\"twitter:data1\" content=\"Ruud Van Der Heyden\" \/>\n\t<meta name=\"twitter:label2\" content=\"Est. reading time\" \/>\n\t<meta name=\"twitter:data2\" content=\"4 minutes\" \/>\n<script type=\"application\/ld+json\" class=\"yoast-schema-graph\">{\"@context\":\"https:\/\/schema.org\",\"@graph\":[{\"@type\":\"WebPage\",\"@id\":\"https:\/\/elektrozine.be\/fr\/voici-les-televiseurs-oled-de-lg-en-2017\/\",\"url\":\"https:\/\/elektrozine.be\/fr\/voici-les-televiseurs-oled-de-lg-en-2017\/\",\"name\":\"Voici les t\u00e9l\u00e9viseurs OLED de LG en 2017\",\"isPartOf\":{\"@id\":\"https:\/\/elektrozine.be\/#website\"},\"primaryImageOfPage\":{\"@id\":\"https:\/\/elektrozine.be\/fr\/voici-les-televiseurs-oled-de-lg-en-2017\/#primaryimage\"},\"image\":{\"@id\":\"https:\/\/elektrozine.be\/fr\/voici-les-televiseurs-oled-de-lg-en-2017\/#primaryimage\"},\"thumbnailUrl\":\"https:\/\/elektrozine.be\/wp-content\/uploads\/2017\/03\/LG-SIGNATURE-OLED-TV-W_Lifestyle2.jpg\",\"datePublished\":\"2017-03-28T09:43:35+00:00\",\"dateModified\":\"2017-05-22T09:14:34+00:00\",\"author\":{\"@id\":\"https:\/\/elektrozine.be\/#\/schema\/person\/e8bec14fe84d95b4c54c3993e327fc37\"},\"breadcrumb\":{\"@id\":\"https:\/\/elektrozine.be\/fr\/voici-les-televiseurs-oled-de-lg-en-2017\/#breadcrumb\"},\"inLanguage\":\"fr-fr\",\"potentialAction\":[{\"@type\":\"ReadAction\",\"target\":[\"https:\/\/elektrozine.be\/fr\/voici-les-televiseurs-oled-de-lg-en-2017\/\"]}]},{\"@type\":\"ImageObject\",\"inLanguage\":\"fr-fr\",\"@id\":\"https:\/\/elektrozine.be\/fr\/voici-les-televiseurs-oled-de-lg-en-2017\/#primaryimage\",\"url\":\"https:\/\/elektrozine.be\/wp-content\/uploads\/2017\/03\/LG-SIGNATURE-OLED-TV-W_Lifestyle2.jpg\",\"contentUrl\":\"https:\/\/elektrozine.be\/wp-content\/uploads\/2017\/03\/LG-SIGNATURE-OLED-TV-W_Lifestyle2.jpg\",\"width\":1319,\"height\":811,\"caption\":\"LG-SIGNATURE-OLED-TV-W_Lifestyle2\"},{\"@type\":\"BreadcrumbList\",\"@id\":\"https:\/\/elektrozine.be\/fr\/voici-les-televiseurs-oled-de-lg-en-2017\/#breadcrumb\",\"itemListElement\":[{\"@type\":\"ListItem\",\"position\":1,\"name\":\"Home\",\"item\":\"https:\/\/elektrozine.be\/fr\/\"},{\"@type\":\"ListItem\",\"position\":2,\"name\":\"Voici les t\u00e9l\u00e9viseurs OLED de LG en 2017\"}]},{\"@type\":\"WebSite\",\"@id\":\"https:\/\/elektrozine.be\/#website\",\"url\":\"https:\/\/elektrozine.be\/\",\"name\":\"elektrozine.be\",\"description\":\"All the stuff you need\",\"potentialAction\":[{\"@type\":\"SearchAction\",\"target\":{\"@type\":\"EntryPoint\",\"urlTemplate\":\"https:\/\/elektrozine.be\/?s={search_term_string}\"},\"query-input\":{\"@type\":\"PropertyValueSpecification\",\"valueRequired\":true,\"valueName\":\"search_term_string\"}}],\"inLanguage\":\"fr-fr\"},{\"@type\":\"Person\",\"@id\":\"https:\/\/elektrozine.be\/#\/schema\/person\/e8bec14fe84d95b4c54c3993e327fc37\",\"name\":\"Ruud Van Der Heyden\",\"image\":{\"@type\":\"ImageObject\",\"inLanguage\":\"fr-fr\",\"@id\":\"https:\/\/elektrozine.be\/#\/schema\/person\/image\/\",\"url\":\"https:\/\/secure.gravatar.com\/avatar\/7bff6cad6d9ee4ecd0e8c097850db9028f506bc731ed70481f7f44285654bb69?s=96&d=mm&r=g\",\"contentUrl\":\"https:\/\/secure.gravatar.com\/avatar\/7bff6cad6d9ee4ecd0e8c097850db9028f506bc731ed70481f7f44285654bb69?s=96&d=mm&r=g\",\"caption\":\"Ruud Van Der Heyden\"},\"description\":\"Als filmliefhebber vind je hem vaak terug in zijn zelfgemaakte mancave waar zowel klassiekers zoals North by Northwest als de nieuwste kaskrakers in volle glorie worden vertoond. En zijn passiefhuis is uitgerust met de nodige smart home snufjes.\",\"url\":\"https:\/\/elektrozine.be\/fr\/author\/ruud\/\"}]}<\/script>\n<!-- \/ Yoast SEO plugin. -->","yoast_head_json":{"title":"Voici les t\u00e9l\u00e9viseurs OLED de LG en 2017","robots":{"index":"index","follow":"follow","max-snippet":"max-snippet:-1","max-image-preview":"max-image-preview:large","max-video-preview":"max-video-preview:-1"},"canonical":"https:\/\/elektrozine.be\/fr\/voici-les-televiseurs-oled-de-lg-en-2017\/","og_locale":"fr_FR","og_type":"article","og_title":"Voici les t\u00e9l\u00e9viseurs OLED de LG en 2017","og_description":"En 2017, la nouvelle gamme de t\u00e9l\u00e9viseurs OLED de LG se compose de neuf mod\u00e8les diff\u00e9rents, r\u00e9partis dans cinq gammes.","og_url":"https:\/\/elektrozine.be\/fr\/voici-les-televiseurs-oled-de-lg-en-2017\/","og_site_name":"elektrozine.be","article_publisher":"https:\/\/www.facebook.com\/elektrozine\/","article_published_time":"2017-03-28T09:43:35+00:00","article_modified_time":"2017-05-22T09:14:34+00:00","og_image":[{"width":1319,"height":811,"url":"https:\/\/elektrozine.be\/wp-content\/uploads\/2017\/03\/LG-SIGNATURE-OLED-TV-W_Lifestyle2.jpg","type":"image\/jpeg"}],"author":"Ruud Van Der Heyden","twitter_card":"summary_large_image","twitter_creator":"@elektrozine","twitter_site":"@elektrozine","twitter_misc":{"Written by":"Ruud Van Der Heyden","Est. reading time":"4 minutes"},"schema":{"@context":"https:\/\/schema.org","@graph":[{"@type":"WebPage","@id":"https:\/\/elektrozine.be\/fr\/voici-les-televiseurs-oled-de-lg-en-2017\/","url":"https:\/\/elektrozine.be\/fr\/voici-les-televiseurs-oled-de-lg-en-2017\/","name":"Voici les t\u00e9l\u00e9viseurs OLED de LG en 2017","isPartOf":{"@id":"https:\/\/elektrozine.be\/#website"},"primaryImageOfPage":{"@id":"https:\/\/elektrozine.be\/fr\/voici-les-televiseurs-oled-de-lg-en-2017\/#primaryimage"},"image":{"@id":"https:\/\/elektrozine.be\/fr\/voici-les-televiseurs-oled-de-lg-en-2017\/#primaryimage"},"thumbnailUrl":"https:\/\/elektrozine.be\/wp-content\/uploads\/2017\/03\/LG-SIGNATURE-OLED-TV-W_Lifestyle2.jpg","datePublished":"2017-03-28T09:43:35+00:00","dateModified":"2017-05-22T09:14:34+00:00","author":{"@id":"https:\/\/elektrozine.be\/#\/schema\/person\/e8bec14fe84d95b4c54c3993e327fc37"},"breadcrumb":{"@id":"https:\/\/elektrozine.be\/fr\/voici-les-televiseurs-oled-de-lg-en-2017\/#breadcrumb"},"inLanguage":"fr-fr","potentialAction":[{"@type":"ReadAction","target":["https:\/\/elektrozine.be\/fr\/voici-les-televiseurs-oled-de-lg-en-2017\/"]}]},{"@type":"ImageObject","inLanguage":"fr-fr","@id":"https:\/\/elektrozine.be\/fr\/voici-les-televiseurs-oled-de-lg-en-2017\/#primaryimage","url":"https:\/\/elektrozine.be\/wp-content\/uploads\/2017\/03\/LG-SIGNATURE-OLED-TV-W_Lifestyle2.jpg","contentUrl":"https:\/\/elektrozine.be\/wp-content\/uploads\/2017\/03\/LG-SIGNATURE-OLED-TV-W_Lifestyle2.jpg","width":1319,"height":811,"caption":"LG-SIGNATURE-OLED-TV-W_Lifestyle2"},{"@type":"BreadcrumbList","@id":"https:\/\/elektrozine.be\/fr\/voici-les-televiseurs-oled-de-lg-en-2017\/#breadcrumb","itemListElement":[{"@type":"ListItem","position":1,"name":"Home","item":"https:\/\/elektrozine.be\/fr\/"},{"@type":"ListItem","position":2,"name":"Voici les t\u00e9l\u00e9viseurs OLED de LG en 2017"}]},{"@type":"WebSite","@id":"https:\/\/elektrozine.be\/#website","url":"https:\/\/elektrozine.be\/","name":"elektrozine.be","description":"All the stuff you need","potentialAction":[{"@type":"SearchAction","target":{"@type":"EntryPoint","urlTemplate":"https:\/\/elektrozine.be\/?s={search_term_string}"},"query-input":{"@type":"PropertyValueSpecification","valueRequired":true,"valueName":"search_term_string"}}],"inLanguage":"fr-fr"},{"@type":"Person","@id":"https:\/\/elektrozine.be\/#\/schema\/person\/e8bec14fe84d95b4c54c3993e327fc37","name":"Ruud Van Der Heyden","image":{"@type":"ImageObject","inLanguage":"fr-fr","@id":"https:\/\/elektrozine.be\/#\/schema\/person\/image\/","url":"https:\/\/secure.gravatar.com\/avatar\/7bff6cad6d9ee4ecd0e8c097850db9028f506bc731ed70481f7f44285654bb69?s=96&d=mm&r=g","contentUrl":"https:\/\/secure.gravatar.com\/avatar\/7bff6cad6d9ee4ecd0e8c097850db9028f506bc731ed70481f7f44285654bb69?s=96&d=mm&r=g","caption":"Ruud Van Der Heyden"},"description":"Als filmliefhebber vind je hem vaak terug in zijn zelfgemaakte mancave waar zowel klassiekers zoals North by Northwest als de nieuwste kaskrakers in volle glorie worden vertoond. En zijn passiefhuis is uitgerust met de nodige smart home snufjes.","url":"https:\/\/elektrozine.be\/fr\/author\/ruud\/"}]}},"amp_enabled":true,"_links":{"self":[{"href":"https:\/\/elektrozine.be\/fr\/wp-json\/wp\/v2\/posts\/18557\/"}],"collection":[{"href":"https:\/\/elektrozine.be\/fr\/wp-json\/wp\/v2\/posts\/"}],"about":[{"href":"https:\/\/elektrozine.be\/fr\/wp-json\/wp\/v2\/types\/post\/"}],"author":[{"embeddable":true,"href":"https:\/\/elektrozine.be\/fr\/wp-json\/wp\/v2\/users\/3\/"}],"replies":[{"embeddable":true,"href":"https:\/\/elektrozine.be\/fr\/wp-json\/wp\/v2\/comments\/?post=18557"}],"version-history":[{"count":5,"href":"https:\/\/elektrozine.be\/fr\/wp-json\/wp\/v2\/posts\/18557\/revisions\/"}],"predecessor-version":[{"id":18593,"href":"https:\/\/elektrozine.be\/fr\/wp-json\/wp\/v2\/posts\/18557\/revisions\/18593\/"}],"wp:featuredmedia":[{"embeddable":true,"href":"https:\/\/elektrozine.be\/fr\/wp-json\/wp\/v2\/media\/18296\/"}],"wp:attachment":[{"href":"https:\/\/elektrozine.be\/fr\/wp-json\/wp\/v2\/media\/?parent=18557"}],"wp:term":[{"taxonomy":"category","embeddable":true,"href":"https:\/\/elektrozine.be\/fr\/wp-json\/wp\/v2\/categories\/?post=18557"},{"taxonomy":"post_tag","embeddable":true,"href":"https:\/\/elektrozine.be\/fr\/wp-json\/wp\/v2\/tags\/?post=18557"}],"curies":[{"name":"wp","href":"https:\/\/api.w.org\/{rel}","templated":true}]}}